{"id":5670,"date":"2025-09-19T06:50:00","date_gmt":"2025-09-19T06:50:00","guid":{"rendered":"https:\/\/www.abchukuk.com\/index.php\/2025\/09\/19\/resmi-gazetede-yayimlandi-vergi-borcu-olan-mukelleflerin-listesi-aciklanacak\/"},"modified":"2025-09-19T06:50:00","modified_gmt":"2025-09-19T06:50:00","slug":"resmi-gazetede-yayimlandi-vergi-borcu-olan-mukelleflerin-listesi-aciklanacak","status":"publish","type":"post","link":"https:\/\/www.abchukuk.com\/index.php\/2025\/09\/19\/resmi-gazetede-yayimlandi-vergi-borcu-olan-mukelleflerin-listesi-aciklanacak\/","title":{"rendered":"Resmi Gazete\u2019de yay\u0131mland\u0131: Vergi borcu olan m\u00fckelleflerin listesi a\u00e7\u0131klanacak!"},"content":{"rendered":"<p>Hazine ve Maliye Bakanl\u0131\u011f\u0131, vergi ve ceza bor\u00e7lar\u0131na ili\u015fkin m\u00fckellef listelerini yay\u0131mlayacak. Gelir \u0130daresi Ba\u015fkanl\u0131\u011f\u0131 taraf\u0131ndan y\u00fcr\u00fcrl\u00fc\u011fe giren d\u00fczenleme ile bor\u00e7lu m\u00fckelleflerin bilgileri kamuoyuyla payla\u015f\u0131lacak. A\u00e7\u0131klama kapsam\u0131nda m\u00fccbir sebep hali devam edenler listelerde yer almayacak.Hazine ve Maliye Bakanl\u0131\u011f\u0131, vergi ve ceza bor\u00e7lar\u0131na ili\u015fkin m\u00fckellef listelerini yay\u0131mlayacak. Gelir \u0130daresi Ba\u015fkanl\u0131\u011f\u0131 taraf\u0131ndan y\u00fcr\u00fcrl\u00fc\u011fe giren d\u00fczenleme ile bor\u00e7lu m\u00fckelleflerin bilgileri kamuoyuyla payla\u015f\u0131lacak. A\u00e7\u0131klama kapsam\u0131nda m\u00fccbir sebep hali devam edenler listelerde yer almayacak.\u00a0<a href=\"https:\/\/www.cumhuriyet.com.tr\/ekonomi\/resmi-gazete-de-yayimlandi-vergi-borcu-olan-mukelleflerin-listesi-aciklanacak-2436418\" target=\"_blank\" class=\"feedzy-rss-link-icon\">Read More<\/a><\/p>","protected":false},"excerpt":{"rendered":"<p>Hazine ve Maliye Bakanl\u0131\u011f\u0131, vergi ve ceza bor\u00e7lar\u0131na ili\u015fkin m\u00fckellef listelerini yay\u0131mlayacak. Gelir \u0130daresi Ba\u015fkanl\u0131\u011f\u0131 taraf\u0131ndan y\u00fcr\u00fcrl\u00fc\u011fe giren d\u00fczenleme ile bor\u00e7lu m\u00fckelleflerin bilgileri kamuoyuyla payla\u015f\u0131lacak. A\u00e7\u0131klama kapsam\u0131nda m\u00fccbir sebep hali devam edenler listelerde yer almayacak.Hazine ve Maliye Bakanl\u0131\u011f\u0131, vergi ve ceza bor\u00e7lar\u0131na ili\u015fkin m\u00fckellef listelerini yay\u0131mlayacak. Gelir \u0130daresi Ba\u015fkanl\u0131\u011f\u0131 taraf\u0131ndan y\u00fcr\u00fcrl\u00fc\u011fe giren d\u00fczenleme ile bor\u00e7lu [&hellip;]<\/p>\n","protected":false},"author":1,"featured_media":5671,"comment_status":"open","ping_status":"open","sticky":false,"template":"","format":"standard","meta":{"footnotes":"","_links_to":"","_links_to_target":""},"categories":[1],"tags":[],"class_list":["post-5670","post","type-post","status-publish","format-standard","has-post-thumbnail","hentry","category-haberler"],"_links":{"self":[{"href":"https:\/\/www.abchukuk.com\/index.php\/wp-json\/wp\/v2\/posts\/5670","targetHints":{"allow":["GET"]}}],"collection":[{"href":"https:\/\/www.abchukuk.com\/index.php\/wp-json\/wp\/v2\/posts"}],"about":[{"href":"https:\/\/www.abchukuk.com\/index.php\/wp-json\/wp\/v2\/types\/post"}],"author":[{"embeddable":true,"href":"https:\/\/www.abchukuk.com\/index.php\/wp-json\/wp\/v2\/users\/1"}],"replies":[{"embeddable":true,"href":"https:\/\/www.abchukuk.com\/index.php\/wp-json\/wp\/v2\/comments?post=5670"}],"version-history":[{"count":0,"href":"https:\/\/www.abchukuk.com\/index.php\/wp-json\/wp\/v2\/posts\/5670\/revisions"}],"wp:featuredmedia":[{"embeddable":true,"href":"https:\/\/www.abchukuk.com\/index.php\/wp-json\/wp\/v2\/media\/5671"}],"wp:attachment":[{"href":"https:\/\/www.abchukuk.com\/index.php\/wp-json\/wp\/v2\/media?parent=5670"}],"wp:term":[{"taxonomy":"category","embeddable":true,"href":"https:\/\/www.abchukuk.com\/index.php\/wp-json\/wp\/v2\/categories?post=5670"},{"taxonomy":"post_tag","embeddable":true,"href":"https:\/\/www.abchukuk.com\/index.php\/wp-json\/wp\/v2\/tags?post=5670"}],"curies":[{"name":"wp","href":"https:\/\/api.w.org\/{rel}","templated":true}]}}