{"id":5668,"date":"2025-09-19T06:50:00","date_gmt":"2025-09-19T06:50:00","guid":{"rendered":"https:\/\/www.abchukuk.com\/index.php\/2025\/09\/19\/ahmet-sungur-kimdir-yahsiyan-belediye-baskani-ahmet-sungur-kac-yasinda-nereli-ahmet-sungur-neden-gozaltina-alindi\/"},"modified":"2025-09-19T06:50:00","modified_gmt":"2025-09-19T06:50:00","slug":"ahmet-sungur-kimdir-yahsiyan-belediye-baskani-ahmet-sungur-kac-yasinda-nereli-ahmet-sungur-neden-gozaltina-alindi","status":"publish","type":"post","link":"https:\/\/www.abchukuk.com\/index.php\/2025\/09\/19\/ahmet-sungur-kimdir-yahsiyan-belediye-baskani-ahmet-sungur-kac-yasinda-nereli-ahmet-sungur-neden-gozaltina-alindi\/","title":{"rendered":"Ahmet Sungur kimdir? Yah\u015fiyan Belediye Ba\u015fkan\u0131 Ahmet Sungur ka\u00e7 ya\u015f\u0131nda, nereli? Ahmet Sungur neden g\u00f6zalt\u0131na al\u0131nd\u0131?"},"content":{"rendered":"<p>K\u0131r\u0131kkale&#8217;nin Yah\u015fihan Belediye Ba\u015fkan\u0131 AKP&#8217;li Ahmet Sungur ile aralar\u0131nda belediye personelinin de bulundu\u011fu 7 \u015f\u00fcpheli g\u00f6zalt\u0131na al\u0131nd\u0131. Peki, Ahmet Sungur kimdir? Yah\u015fiyan Belediye Ba\u015fkan\u0131 Ahmet Sungur ka\u00e7 ya\u015f\u0131nda, nereli? Ahmet Sungur neden g\u00f6zalt\u0131na al\u0131nd\u0131?K\u0131r\u0131kkale&#8217;nin Yah\u015fihan Belediye Ba\u015fkan\u0131 AKP&#8217;li Ahmet Sungur ile aralar\u0131nda belediye personelinin de bulundu\u011fu 7 \u015f\u00fcpheli g\u00f6zalt\u0131na al\u0131nd\u0131. Peki, Ahmet Sungur kimdir? Yah\u015fiyan Belediye Ba\u015fkan\u0131 Ahmet Sungur ka\u00e7 ya\u015f\u0131nda, nereli? Ahmet Sungur neden g\u00f6zalt\u0131na al\u0131nd\u0131?\u00a0<a href=\"https:\/\/www.cumhuriyet.com.tr\/siyaset\/ahmet-sungur-kimdir-yahsiyan-belediye-baskani-ahmet-sungur-kac-yasinda-nereli-ahmet-sungur-neden-gozaltina-alindi-2436417\" target=\"_blank\" class=\"feedzy-rss-link-icon\">Read More<\/a><\/p>","protected":false},"excerpt":{"rendered":"<p>K\u0131r\u0131kkale&#8217;nin Yah\u015fihan Belediye Ba\u015fkan\u0131 AKP&#8217;li Ahmet Sungur ile aralar\u0131nda belediye personelinin de bulundu\u011fu 7 \u015f\u00fcpheli g\u00f6zalt\u0131na al\u0131nd\u0131. Peki, Ahmet Sungur kimdir? Yah\u015fiyan Belediye Ba\u015fkan\u0131 Ahmet Sungur ka\u00e7 ya\u015f\u0131nda, nereli? Ahmet Sungur neden g\u00f6zalt\u0131na al\u0131nd\u0131?K\u0131r\u0131kkale&#8217;nin Yah\u015fihan Belediye Ba\u015fkan\u0131 AKP&#8217;li Ahmet Sungur ile aralar\u0131nda belediye personelinin de bulundu\u011fu 7 \u015f\u00fcpheli g\u00f6zalt\u0131na al\u0131nd\u0131. Peki, Ahmet Sungur kimdir? Yah\u015fiyan [&hellip;]<\/p>\n","protected":false},"author":1,"featured_media":5669,"comment_status":"open","ping_status":"open","sticky":false,"template":"","format":"standard","meta":{"footnotes":"","_links_to":"","_links_to_target":""},"categories":[1],"tags":[],"class_list":["post-5668","post","type-post","status-publish","format-standard","has-post-thumbnail","hentry","category-haberler"],"_links":{"self":[{"href":"https:\/\/www.abchukuk.com\/index.php\/wp-json\/wp\/v2\/posts\/5668","targetHints":{"allow":["GET"]}}],"collection":[{"href":"https:\/\/www.abchukuk.com\/index.php\/wp-json\/wp\/v2\/posts"}],"about":[{"href":"https:\/\/www.abchukuk.com\/index.php\/wp-json\/wp\/v2\/types\/post"}],"author":[{"embeddable":true,"href":"https:\/\/www.abchukuk.com\/index.php\/wp-json\/wp\/v2\/users\/1"}],"replies":[{"embeddable":true,"href":"https:\/\/www.abchukuk.com\/index.php\/wp-json\/wp\/v2\/comments?post=5668"}],"version-history":[{"count":0,"href":"https:\/\/www.abchukuk.com\/index.php\/wp-json\/wp\/v2\/posts\/5668\/revisions"}],"wp:featuredmedia":[{"embeddable":true,"href":"https:\/\/www.abchukuk.com\/index.php\/wp-json\/wp\/v2\/media\/5669"}],"wp:attachment":[{"href":"https:\/\/www.abchukuk.com\/index.php\/wp-json\/wp\/v2\/media?parent=5668"}],"wp:term":[{"taxonomy":"category","embeddable":true,"href":"https:\/\/www.abchukuk.com\/index.php\/wp-json\/wp\/v2\/categories?post=5668"},{"taxonomy":"post_tag","embeddable":true,"href":"https:\/\/www.abchukuk.com\/index.php\/wp-json\/wp\/v2\/tags?post=5668"}],"curies":[{"name":"wp","href":"https:\/\/api.w.org\/{rel}","templated":true}]}}