{"id":5667,"date":"2025-09-19T05:14:14","date_gmt":"2025-09-19T05:14:14","guid":{"rendered":"https:\/\/www.abchukuk.com\/index.php\/2025\/09\/19\/kiraci-sozlesmesi-dolmadan-evi-terk-etti-yargitay-emsal-karar-verdi\/"},"modified":"2025-09-19T05:14:14","modified_gmt":"2025-09-19T05:14:14","slug":"kiraci-sozlesmesi-dolmadan-evi-terk-etti-yargitay-emsal-karar-verdi","status":"publish","type":"post","link":"https:\/\/www.abchukuk.com\/index.php\/2025\/09\/19\/kiraci-sozlesmesi-dolmadan-evi-terk-etti-yargitay-emsal-karar-verdi\/","title":{"rendered":"Kirac\u0131 s\u00f6zle\u015fmesi dolmadan evi terk etti, Yarg\u0131tay emsal karar verdi"},"content":{"rendered":"<p>Kirac\u0131, 2 y\u0131ll\u0131k kira s\u00fcresi dolmadan evi bo\u015faltt\u0131, ev sahibi dava a\u00e7t\u0131. Yerel mahkeme \u201c3 ay ihbar\u201d \u015fart\u0131n\u0131 dikkate ald\u0131 ancak Yarg\u0131tay emsal kararla s\u00fcrece nokta koydu. Kirac\u0131 ve ev sahiplerini yak\u0131ndan ilgilendiren karar kira s\u00f6zle\u015fmelerinde yeni d\u00f6nemi ba\u015flat\u0131yor.Kirac\u0131, 2 y\u0131ll\u0131k kira s\u00fcresi dolmadan evi bo\u015faltt\u0131, ev sahibi dava a\u00e7t\u0131. Yerel mahkeme \u201c3 ay ihbar\u201d \u015fart\u0131n\u0131 dikkate ald\u0131 ancak Yarg\u0131tay emsal kararla s\u00fcrece nokta koydu. Kirac\u0131 ve ev sahiplerini yak\u0131ndan ilgilendiren karar kira s\u00f6zle\u015fmelerinde yeni d\u00f6nemi ba\u015flat\u0131yor.\u00a0<a href=\"https:\/\/anlatilaninotesi.com.tr\/20250919\/kiraci-sozlesmesi-dolmadan-evi-terk-etti-yargitay-emsal-karar-verdi-1099490967.html\" target=\"_blank\" class=\"feedzy-rss-link-icon\">Read More<\/a><\/p>","protected":false},"excerpt":{"rendered":"<p>Kirac\u0131, 2 y\u0131ll\u0131k kira s\u00fcresi dolmadan evi bo\u015faltt\u0131, ev sahibi dava a\u00e7t\u0131. Yerel mahkeme \u201c3 ay ihbar\u201d \u015fart\u0131n\u0131 dikkate ald\u0131 ancak Yarg\u0131tay emsal kararla s\u00fcrece nokta koydu. Kirac\u0131 ve ev sahiplerini yak\u0131ndan ilgilendiren karar kira s\u00f6zle\u015fmelerinde yeni d\u00f6nemi ba\u015flat\u0131yor.Kirac\u0131, 2 y\u0131ll\u0131k kira s\u00fcresi dolmadan evi bo\u015faltt\u0131, ev sahibi dava a\u00e7t\u0131. Yerel mahkeme \u201c3 ay ihbar\u201d [&hellip;]<\/p>\n","protected":false},"author":1,"featured_media":0,"comment_status":"open","ping_status":"open","sticky":false,"template":"","format":"standard","meta":{"footnotes":"","_links_to":"","_links_to_target":""},"categories":[1],"tags":[],"class_list":["post-5667","post","type-post","status-publish","format-standard","hentry","category-haberler"],"_links":{"self":[{"href":"https:\/\/www.abchukuk.com\/index.php\/wp-json\/wp\/v2\/posts\/5667","targetHints":{"allow":["GET"]}}],"collection":[{"href":"https:\/\/www.abchukuk.com\/index.php\/wp-json\/wp\/v2\/posts"}],"about":[{"href":"https:\/\/www.abchukuk.com\/index.php\/wp-json\/wp\/v2\/types\/post"}],"author":[{"embeddable":true,"href":"https:\/\/www.abchukuk.com\/index.php\/wp-json\/wp\/v2\/users\/1"}],"replies":[{"embeddable":true,"href":"https:\/\/www.abchukuk.com\/index.php\/wp-json\/wp\/v2\/comments?post=5667"}],"version-history":[{"count":0,"href":"https:\/\/www.abchukuk.com\/index.php\/wp-json\/wp\/v2\/posts\/5667\/revisions"}],"wp:attachment":[{"href":"https:\/\/www.abchukuk.com\/index.php\/wp-json\/wp\/v2\/media?parent=5667"}],"wp:term":[{"taxonomy":"category","embeddable":true,"href":"https:\/\/www.abchukuk.com\/index.php\/wp-json\/wp\/v2\/categories?post=5667"},{"taxonomy":"post_tag","embeddable":true,"href":"https:\/\/www.abchukuk.com\/index.php\/wp-json\/wp\/v2\/tags?post=5667"}],"curies":[{"name":"wp","href":"https:\/\/api.w.org\/{rel}","templated":true}]}}