{"id":5664,"date":"2025-09-19T04:49:35","date_gmt":"2025-09-19T04:49:35","guid":{"rendered":"https:\/\/www.abchukuk.com\/index.php\/2025\/09\/19\/alanya-koycegiz-ve-milas-orman-yanginlarinda-son-durum-alevler-seralara-zarar-verdi-bazi-evler-tahliye-edildi\/"},"modified":"2025-09-19T04:49:35","modified_gmt":"2025-09-19T04:49:35","slug":"alanya-koycegiz-ve-milas-orman-yanginlarinda-son-durum-alevler-seralara-zarar-verdi-bazi-evler-tahliye-edildi","status":"publish","type":"post","link":"https:\/\/www.abchukuk.com\/index.php\/2025\/09\/19\/alanya-koycegiz-ve-milas-orman-yanginlarinda-son-durum-alevler-seralara-zarar-verdi-bazi-evler-tahliye-edildi\/","title":{"rendered":"Alanya, K\u00f6yce\u011fiz ve Milas orman yang\u0131nlar\u0131nda son durum: Alevler seralara zarar verdi, baz\u0131 evler tahliye edildi"},"content":{"rendered":"<p>Antalya&#8217;n\u0131n Alanya il\u00e7esinde, Mu\u011fla&#8217;n\u0131n K\u00f6yce\u011fiz il\u00e7esinde ve Mu\u011fla&#8217;n\u0131n Milas il\u00e7esinde \u00e7\u0131kan orman yang\u0131nlar\u0131na m\u00fcdahale devam ediyor. Alevler, kuvvetli r\u00fczgar\u0131n etkisiyle ormanl\u0131k alana s\u0131\u00e7rayarak h\u0131zla yay\u0131ld\u0131.Antalya&#8217;n\u0131n Alanya il\u00e7esinde, Mu\u011fla&#8217;n\u0131n K\u00f6yce\u011fiz il\u00e7esinde ve Mu\u011fla&#8217;n\u0131n Milas il\u00e7esinde \u00e7\u0131kan orman yang\u0131nlar\u0131na m\u00fcdahale devam ediyor. Alevler, kuvvetli r\u00fczgar\u0131n etkisiyle ormanl\u0131k alana s\u0131\u00e7rayarak h\u0131zla yay\u0131ld\u0131.\u00a0<a href=\"https:\/\/anlatilaninotesi.com.tr\/20250919\/alanya-koycegiz-ve-milas-orman-yanginlarinda-son-durum-alevler-seralara-zarar-verdi-bazi-evler-1099490655.html\" target=\"_blank\" class=\"feedzy-rss-link-icon\">Read More<\/a><\/p>","protected":false},"excerpt":{"rendered":"<p>Antalya&#8217;n\u0131n Alanya il\u00e7esinde, Mu\u011fla&#8217;n\u0131n K\u00f6yce\u011fiz il\u00e7esinde ve Mu\u011fla&#8217;n\u0131n Milas il\u00e7esinde \u00e7\u0131kan orman yang\u0131nlar\u0131na m\u00fcdahale devam ediyor. Alevler, kuvvetli r\u00fczgar\u0131n etkisiyle ormanl\u0131k alana s\u0131\u00e7rayarak h\u0131zla yay\u0131ld\u0131.Antalya&#8217;n\u0131n Alanya il\u00e7esinde, Mu\u011fla&#8217;n\u0131n K\u00f6yce\u011fiz il\u00e7esinde ve Mu\u011fla&#8217;n\u0131n Milas il\u00e7esinde \u00e7\u0131kan orman yang\u0131nlar\u0131na m\u00fcdahale devam ediyor. Alevler, kuvvetli r\u00fczgar\u0131n etkisiyle ormanl\u0131k alana s\u0131\u00e7rayarak h\u0131zla yay\u0131ld\u0131.\u00a0Read More<\/p>\n","protected":false},"author":1,"featured_media":0,"comment_status":"open","ping_status":"open","sticky":false,"template":"","format":"standard","meta":{"footnotes":"","_links_to":"","_links_to_target":""},"categories":[1],"tags":[],"class_list":["post-5664","post","type-post","status-publish","format-standard","hentry","category-haberler"],"_links":{"self":[{"href":"https:\/\/www.abchukuk.com\/index.php\/wp-json\/wp\/v2\/posts\/5664","targetHints":{"allow":["GET"]}}],"collection":[{"href":"https:\/\/www.abchukuk.com\/index.php\/wp-json\/wp\/v2\/posts"}],"about":[{"href":"https:\/\/www.abchukuk.com\/index.php\/wp-json\/wp\/v2\/types\/post"}],"author":[{"embeddable":true,"href":"https:\/\/www.abchukuk.com\/index.php\/wp-json\/wp\/v2\/users\/1"}],"replies":[{"embeddable":true,"href":"https:\/\/www.abchukuk.com\/index.php\/wp-json\/wp\/v2\/comments?post=5664"}],"version-history":[{"count":0,"href":"https:\/\/www.abchukuk.com\/index.php\/wp-json\/wp\/v2\/posts\/5664\/revisions"}],"wp:attachment":[{"href":"https:\/\/www.abchukuk.com\/index.php\/wp-json\/wp\/v2\/media?parent=5664"}],"wp:term":[{"taxonomy":"category","embeddable":true,"href":"https:\/\/www.abchukuk.com\/index.php\/wp-json\/wp\/v2\/categories?post=5664"},{"taxonomy":"post_tag","embeddable":true,"href":"https:\/\/www.abchukuk.com\/index.php\/wp-json\/wp\/v2\/tags?post=5664"}],"curies":[{"name":"wp","href":"https:\/\/api.w.org\/{rel}","templated":true}]}}