{"id":5662,"date":"2025-09-19T01:00:00","date_gmt":"2025-09-19T01:00:00","guid":{"rendered":"https:\/\/www.abchukuk.com\/index.php\/2025\/09\/19\/dokuz-kisinin-tutukluluguna-devam-karari-verilirken-durusma-27-kasima-ertelendi-kent-uzlasisi-davasinda-bir-tahliye\/"},"modified":"2025-09-19T01:00:00","modified_gmt":"2025-09-19T01:00:00","slug":"dokuz-kisinin-tutukluluguna-devam-karari-verilirken-durusma-27-kasima-ertelendi-kent-uzlasisi-davasinda-bir-tahliye","status":"publish","type":"post","link":"https:\/\/www.abchukuk.com\/index.php\/2025\/09\/19\/dokuz-kisinin-tutukluluguna-devam-karari-verilirken-durusma-27-kasima-ertelendi-kent-uzlasisi-davasinda-bir-tahliye\/","title":{"rendered":"Dokuz ki\u015finin tutuklulu\u011funa devam karar\u0131 verilirken duru\u015fma 27 Kas\u0131m\u2019a ertelendi: \u2018Kent uzla\u015f\u0131s\u0131\u2019 davas\u0131nda bir tahliye"},"content":{"rendered":"<p>\u201cKent uzla\u015f\u0131s\u0131\u201d gerek\u00e7esiyle yarg\u0131lanan CHP\u2019li 10 belediye y\u00f6neticisinden Beyo\u011flu Belediye Ba\u015fkan Dan\u0131\u015fman\u0131 \u0130kbal Polat tahliye edilirken, di\u011fer dokuz san\u0131\u011f\u0131n tutuklulu\u011fu devam etti. Duru\u015fma 27 Kas\u0131m\u2019a ertelendi.\u201cKent uzla\u015f\u0131s\u0131\u201d gerek\u00e7esiyle yarg\u0131lanan CHP\u2019li 10 belediye y\u00f6neticisinden Beyo\u011flu Belediye Ba\u015fkan Dan\u0131\u015fman\u0131 \u0130kbal Polat tahliye edilirken, di\u011fer dokuz san\u0131\u011f\u0131n tutuklulu\u011fu devam etti. Duru\u015fma 27 Kas\u0131m\u2019a ertelendi.\u00a0<a href=\"https:\/\/www.cumhuriyet.com.tr\/siyaset\/dokuz-kisinin-tutukluluguna-devam-karari-verilirken-durusma-27-kasim-a-ertelendi-kent-uzlasisi-davasinda-bir-tahliye-2436365\" target=\"_blank\" class=\"feedzy-rss-link-icon\">Read More<\/a><\/p>","protected":false},"excerpt":{"rendered":"<p>\u201cKent uzla\u015f\u0131s\u0131\u201d gerek\u00e7esiyle yarg\u0131lanan CHP\u2019li 10 belediye y\u00f6neticisinden Beyo\u011flu Belediye Ba\u015fkan Dan\u0131\u015fman\u0131 \u0130kbal Polat tahliye edilirken, di\u011fer dokuz san\u0131\u011f\u0131n tutuklulu\u011fu devam etti. Duru\u015fma 27 Kas\u0131m\u2019a ertelendi.\u201cKent uzla\u015f\u0131s\u0131\u201d gerek\u00e7esiyle yarg\u0131lanan CHP\u2019li 10 belediye y\u00f6neticisinden Beyo\u011flu Belediye Ba\u015fkan Dan\u0131\u015fman\u0131 \u0130kbal Polat tahliye edilirken, di\u011fer dokuz san\u0131\u011f\u0131n tutuklulu\u011fu devam etti. Duru\u015fma 27 Kas\u0131m\u2019a ertelendi.\u00a0Read More<\/p>\n","protected":false},"author":1,"featured_media":5663,"comment_status":"open","ping_status":"open","sticky":false,"template":"","format":"standard","meta":{"footnotes":"","_links_to":"","_links_to_target":""},"categories":[1],"tags":[],"class_list":["post-5662","post","type-post","status-publish","format-standard","has-post-thumbnail","hentry","category-haberler"],"_links":{"self":[{"href":"https:\/\/www.abchukuk.com\/index.php\/wp-json\/wp\/v2\/posts\/5662","targetHints":{"allow":["GET"]}}],"collection":[{"href":"https:\/\/www.abchukuk.com\/index.php\/wp-json\/wp\/v2\/posts"}],"about":[{"href":"https:\/\/www.abchukuk.com\/index.php\/wp-json\/wp\/v2\/types\/post"}],"author":[{"embeddable":true,"href":"https:\/\/www.abchukuk.com\/index.php\/wp-json\/wp\/v2\/users\/1"}],"replies":[{"embeddable":true,"href":"https:\/\/www.abchukuk.com\/index.php\/wp-json\/wp\/v2\/comments?post=5662"}],"version-history":[{"count":0,"href":"https:\/\/www.abchukuk.com\/index.php\/wp-json\/wp\/v2\/posts\/5662\/revisions"}],"wp:featuredmedia":[{"embeddable":true,"href":"https:\/\/www.abchukuk.com\/index.php\/wp-json\/wp\/v2\/media\/5663"}],"wp:attachment":[{"href":"https:\/\/www.abchukuk.com\/index.php\/wp-json\/wp\/v2\/media?parent=5662"}],"wp:term":[{"taxonomy":"category","embeddable":true,"href":"https:\/\/www.abchukuk.com\/index.php\/wp-json\/wp\/v2\/categories?post=5662"},{"taxonomy":"post_tag","embeddable":true,"href":"https:\/\/www.abchukuk.com\/index.php\/wp-json\/wp\/v2\/tags?post=5662"}],"curies":[{"name":"wp","href":"https:\/\/api.w.org\/{rel}","templated":true}]}}