{"id":5658,"date":"2025-09-19T01:00:00","date_gmt":"2025-09-19T01:00:00","guid":{"rendered":"https:\/\/www.abchukuk.com\/index.php\/2025\/09\/19\/ozellerin-tutuklanmasina-siyasiler-tepki-gosterdi-hukuk-degil-zulum\/"},"modified":"2025-09-19T01:00:00","modified_gmt":"2025-09-19T01:00:00","slug":"ozellerin-tutuklanmasina-siyasiler-tepki-gosterdi-hukuk-degil-zulum","status":"publish","type":"post","link":"https:\/\/www.abchukuk.com\/index.php\/2025\/09\/19\/ozellerin-tutuklanmasina-siyasiler-tepki-gosterdi-hukuk-degil-zulum\/","title":{"rendered":"\u00d6zeller\u2019in tutuklanmas\u0131na siyasiler tepki g\u00f6sterdi: \u2018Hukuk de\u011fil, zul\u00fcm\u2019"},"content":{"rendered":"<p>2. \u00e7\u00f6z\u00fcm s\u00fcreci ve MHP\u2019ye y\u00f6nelik s\u00f6zleri sonras\u0131 sosyal medyada tehditler alan Emekli Albay Orkun \u00d6zeller \u201chalk\u0131 kin ve d\u00fc\u015fmanl\u0131\u011fa tahrik\u201d ve di\u011fer su\u00e7lamalarla tutukland\u0131. CHP ve \u0130Y\u0130 Parti yetkilileri, tutuklamaya tepki g\u00f6stererek hukuksuzluk oldu\u011funu vurgulad\u0131.2. \u00e7\u00f6z\u00fcm s\u00fcreci ve MHP\u2019ye y\u00f6nelik s\u00f6zleri sonras\u0131 sosyal medyada tehditler alan Emekli Albay Orkun \u00d6zeller \u201chalk\u0131 kin ve d\u00fc\u015fmanl\u0131\u011fa tahrik\u201d ve di\u011fer su\u00e7lamalarla tutukland\u0131. CHP ve \u0130Y\u0130 Parti yetkilileri, tutuklamaya tepki g\u00f6stererek hukuksuzluk oldu\u011funu vurgulad\u0131.\u00a0<a href=\"https:\/\/www.cumhuriyet.com.tr\/turkiye\/ozeller-in-tutuklanmasina-siyasiler-tepki-gosterdi-hukuk-degil-zulum-2436367\" target=\"_blank\" class=\"feedzy-rss-link-icon\">Read More<\/a><\/p>","protected":false},"excerpt":{"rendered":"<p>2. \u00e7\u00f6z\u00fcm s\u00fcreci ve MHP\u2019ye y\u00f6nelik s\u00f6zleri sonras\u0131 sosyal medyada tehditler alan Emekli Albay Orkun \u00d6zeller \u201chalk\u0131 kin ve d\u00fc\u015fmanl\u0131\u011fa tahrik\u201d ve di\u011fer su\u00e7lamalarla tutukland\u0131. CHP ve \u0130Y\u0130 Parti yetkilileri, tutuklamaya tepki g\u00f6stererek hukuksuzluk oldu\u011funu vurgulad\u0131.2. \u00e7\u00f6z\u00fcm s\u00fcreci ve MHP\u2019ye y\u00f6nelik s\u00f6zleri sonras\u0131 sosyal medyada tehditler alan Emekli Albay Orkun \u00d6zeller \u201chalk\u0131 kin ve d\u00fc\u015fmanl\u0131\u011fa [&hellip;]<\/p>\n","protected":false},"author":1,"featured_media":5659,"comment_status":"open","ping_status":"open","sticky":false,"template":"","format":"standard","meta":{"footnotes":"","_links_to":"","_links_to_target":""},"categories":[1],"tags":[],"class_list":["post-5658","post","type-post","status-publish","format-standard","has-post-thumbnail","hentry","category-haberler"],"_links":{"self":[{"href":"https:\/\/www.abchukuk.com\/index.php\/wp-json\/wp\/v2\/posts\/5658","targetHints":{"allow":["GET"]}}],"collection":[{"href":"https:\/\/www.abchukuk.com\/index.php\/wp-json\/wp\/v2\/posts"}],"about":[{"href":"https:\/\/www.abchukuk.com\/index.php\/wp-json\/wp\/v2\/types\/post"}],"author":[{"embeddable":true,"href":"https:\/\/www.abchukuk.com\/index.php\/wp-json\/wp\/v2\/users\/1"}],"replies":[{"embeddable":true,"href":"https:\/\/www.abchukuk.com\/index.php\/wp-json\/wp\/v2\/comments?post=5658"}],"version-history":[{"count":0,"href":"https:\/\/www.abchukuk.com\/index.php\/wp-json\/wp\/v2\/posts\/5658\/revisions"}],"wp:featuredmedia":[{"embeddable":true,"href":"https:\/\/www.abchukuk.com\/index.php\/wp-json\/wp\/v2\/media\/5659"}],"wp:attachment":[{"href":"https:\/\/www.abchukuk.com\/index.php\/wp-json\/wp\/v2\/media?parent=5658"}],"wp:term":[{"taxonomy":"category","embeddable":true,"href":"https:\/\/www.abchukuk.com\/index.php\/wp-json\/wp\/v2\/categories?post=5658"},{"taxonomy":"post_tag","embeddable":true,"href":"https:\/\/www.abchukuk.com\/index.php\/wp-json\/wp\/v2\/tags?post=5658"}],"curies":[{"name":"wp","href":"https:\/\/api.w.org\/{rel}","templated":true}]}}