{"id":5657,"date":"2025-09-18T22:37:22","date_gmt":"2025-09-18T22:37:22","guid":{"rendered":"https:\/\/www.abchukuk.com\/index.php\/2025\/09\/18\/iski-su-kesintileri-sorgulama-ekrani\/"},"modified":"2025-09-18T22:37:22","modified_gmt":"2025-09-18T22:37:22","slug":"iski-su-kesintileri-sorgulama-ekrani","status":"publish","type":"post","link":"https:\/\/www.abchukuk.com\/index.php\/2025\/09\/18\/iski-su-kesintileri-sorgulama-ekrani\/","title":{"rendered":"\u0130SK\u0130 su kesintileri sorgulama ekran\u0131"},"content":{"rendered":"<p>\u0130stanbul Su ve Kanalizasyon \u0130daresi taraf\u0131ndan g\u00fcncel olarak a\u00e7\u0131klanan g\u00fcncel su kesintisi duyurular\u0131 ile planl\u0131 kesinti sorgulama ekran\u0131 g\u00fcndeme geldi. \u0130stanbul Anadolu ve Avrupa Yakas\u0131&#8217;nda baz\u0131 il\u00e7elerde su kesintisi ya\u015fanacak. Peki, \u0130stanbul&#8217;da su kesintisi olan il\u00e7eler neler? \u0130\u015fte 19 Eyl\u00fcl Cuma \u0130SK\u0130 planl\u0131 su kesintileri&#8230;\u0130stanbul Su ve Kanalizasyon \u0130daresi taraf\u0131ndan g\u00fcncel olarak a\u00e7\u0131klanan g\u00fcncel su kesintisi duyurular\u0131 ile planl\u0131 kesinti sorgulama ekran\u0131 g\u00fcndeme geldi. \u0130stanbul Anadolu ve Avrupa Yakas\u0131&#8217;nda baz\u0131 il\u00e7elerde su kesintisi ya\u015fanacak. Peki, \u0130stanbul&#8217;da su kesintisi olan il\u00e7eler neler? \u0130\u015fte 19 Eyl\u00fcl Cuma \u0130SK\u0130 planl\u0131 su kesintileri&#8230;\u00a0<a href=\"https:\/\/www.haberturk.com\/iski-acikladi-19-eylul-cuma-istanbul-da-su-kesintisi-istanbul-da-sular-ne-zaman-gelecek-hangi-ilcelerde-su-kesintisi-olacak-3823474\" target=\"_blank\" class=\"feedzy-rss-link-icon\">Read More<\/a><\/p>","protected":false},"excerpt":{"rendered":"<p>\u0130stanbul Su ve Kanalizasyon \u0130daresi taraf\u0131ndan g\u00fcncel olarak a\u00e7\u0131klanan g\u00fcncel su kesintisi duyurular\u0131 ile planl\u0131 kesinti sorgulama ekran\u0131 g\u00fcndeme geldi. \u0130stanbul Anadolu ve Avrupa Yakas\u0131&#8217;nda baz\u0131 il\u00e7elerde su kesintisi ya\u015fanacak. Peki, \u0130stanbul&#8217;da su kesintisi olan il\u00e7eler neler? \u0130\u015fte 19 Eyl\u00fcl Cuma \u0130SK\u0130 planl\u0131 su kesintileri&#8230;\u0130stanbul Su ve Kanalizasyon \u0130daresi taraf\u0131ndan g\u00fcncel olarak a\u00e7\u0131klanan g\u00fcncel su [&hellip;]<\/p>\n","protected":false},"author":1,"featured_media":0,"comment_status":"open","ping_status":"open","sticky":false,"template":"","format":"standard","meta":{"footnotes":"","_links_to":"","_links_to_target":""},"categories":[1],"tags":[],"class_list":["post-5657","post","type-post","status-publish","format-standard","hentry","category-haberler"],"_links":{"self":[{"href":"https:\/\/www.abchukuk.com\/index.php\/wp-json\/wp\/v2\/posts\/5657","targetHints":{"allow":["GET"]}}],"collection":[{"href":"https:\/\/www.abchukuk.com\/index.php\/wp-json\/wp\/v2\/posts"}],"about":[{"href":"https:\/\/www.abchukuk.com\/index.php\/wp-json\/wp\/v2\/types\/post"}],"author":[{"embeddable":true,"href":"https:\/\/www.abchukuk.com\/index.php\/wp-json\/wp\/v2\/users\/1"}],"replies":[{"embeddable":true,"href":"https:\/\/www.abchukuk.com\/index.php\/wp-json\/wp\/v2\/comments?post=5657"}],"version-history":[{"count":0,"href":"https:\/\/www.abchukuk.com\/index.php\/wp-json\/wp\/v2\/posts\/5657\/revisions"}],"wp:attachment":[{"href":"https:\/\/www.abchukuk.com\/index.php\/wp-json\/wp\/v2\/media?parent=5657"}],"wp:term":[{"taxonomy":"category","embeddable":true,"href":"https:\/\/www.abchukuk.com\/index.php\/wp-json\/wp\/v2\/categories?post=5657"},{"taxonomy":"post_tag","embeddable":true,"href":"https:\/\/www.abchukuk.com\/index.php\/wp-json\/wp\/v2\/tags?post=5657"}],"curies":[{"name":"wp","href":"https:\/\/api.w.org\/{rel}","templated":true}]}}