{"id":5656,"date":"2025-09-18T23:02:08","date_gmt":"2025-09-18T23:02:08","guid":{"rendered":"https:\/\/www.abchukuk.com\/index.php\/2025\/09\/18\/endonezyada-uyusturucu-kacakcisi-ukraynaliya-omur-boyu-hapis-cezasi\/"},"modified":"2025-09-18T23:02:08","modified_gmt":"2025-09-18T23:02:08","slug":"endonezyada-uyusturucu-kacakcisi-ukraynaliya-omur-boyu-hapis-cezasi","status":"publish","type":"post","link":"https:\/\/www.abchukuk.com\/index.php\/2025\/09\/18\/endonezyada-uyusturucu-kacakcisi-ukraynaliya-omur-boyu-hapis-cezasi\/","title":{"rendered":"Endonezya&#8217;da uyu\u015fturucu ka\u00e7ak\u00e7\u0131s\u0131 Ukraynal\u0131ya \u00f6m\u00fcr boyu hapis cezas\u0131"},"content":{"rendered":"<p>Tayland\u2019da tutuklan\u0131p yedi ay ka\u00e7t\u0131ktan sonra Endonezya\u2019ya iade edilen bir Ukraynal\u0131, Endonezya\u2019n\u0131n turistik adas\u0131 Bali\u2019de yasa d\u0131\u015f\u0131 uyu\u015fturucu \u00fcretmekten mahkum edildi ve per\u015fembe g\u00fcn\u00fc m\u00fcebbet hapse \u00e7arpt\u0131r\u0131ld\u0131.Tayland\u2019da tutuklan\u0131p yedi ay ka\u00e7t\u0131ktan sonra Endonezya\u2019ya iade edilen bir Ukraynal\u0131, Endonezya\u2019n\u0131n turistik adas\u0131 Bali\u2019de yasa d\u0131\u015f\u0131 uyu\u015fturucu \u00fcretmekten mahkum edildi ve per\u015fembe g\u00fcn\u00fc m\u00fcebbet hapse \u00e7arpt\u0131r\u0131ld\u0131.\u00a0<a href=\"http:\/\/tr.euronews.com\/2025\/09\/19\/balide-uyusturucu-ureten-ukraynaliya-omur-boyu-hapis-cezasi\" target=\"_blank\" class=\"feedzy-rss-link-icon\">Read More<\/a><\/p>","protected":false},"excerpt":{"rendered":"<p>Tayland\u2019da tutuklan\u0131p yedi ay ka\u00e7t\u0131ktan sonra Endonezya\u2019ya iade edilen bir Ukraynal\u0131, Endonezya\u2019n\u0131n turistik adas\u0131 Bali\u2019de yasa d\u0131\u015f\u0131 uyu\u015fturucu \u00fcretmekten mahkum edildi ve per\u015fembe g\u00fcn\u00fc m\u00fcebbet hapse \u00e7arpt\u0131r\u0131ld\u0131.Tayland\u2019da tutuklan\u0131p yedi ay ka\u00e7t\u0131ktan sonra Endonezya\u2019ya iade edilen bir Ukraynal\u0131, Endonezya\u2019n\u0131n turistik adas\u0131 Bali\u2019de yasa d\u0131\u015f\u0131 uyu\u015fturucu \u00fcretmekten mahkum edildi ve per\u015fembe g\u00fcn\u00fc m\u00fcebbet hapse \u00e7arpt\u0131r\u0131ld\u0131.\u00a0Read More<\/p>\n","protected":false},"author":1,"featured_media":0,"comment_status":"open","ping_status":"open","sticky":false,"template":"","format":"standard","meta":{"footnotes":"","_links_to":"","_links_to_target":""},"categories":[1],"tags":[],"class_list":["post-5656","post","type-post","status-publish","format-standard","hentry","category-haberler"],"_links":{"self":[{"href":"https:\/\/www.abchukuk.com\/index.php\/wp-json\/wp\/v2\/posts\/5656","targetHints":{"allow":["GET"]}}],"collection":[{"href":"https:\/\/www.abchukuk.com\/index.php\/wp-json\/wp\/v2\/posts"}],"about":[{"href":"https:\/\/www.abchukuk.com\/index.php\/wp-json\/wp\/v2\/types\/post"}],"author":[{"embeddable":true,"href":"https:\/\/www.abchukuk.com\/index.php\/wp-json\/wp\/v2\/users\/1"}],"replies":[{"embeddable":true,"href":"https:\/\/www.abchukuk.com\/index.php\/wp-json\/wp\/v2\/comments?post=5656"}],"version-history":[{"count":0,"href":"https:\/\/www.abchukuk.com\/index.php\/wp-json\/wp\/v2\/posts\/5656\/revisions"}],"wp:attachment":[{"href":"https:\/\/www.abchukuk.com\/index.php\/wp-json\/wp\/v2\/media?parent=5656"}],"wp:term":[{"taxonomy":"category","embeddable":true,"href":"https:\/\/www.abchukuk.com\/index.php\/wp-json\/wp\/v2\/categories?post=5656"},{"taxonomy":"post_tag","embeddable":true,"href":"https:\/\/www.abchukuk.com\/index.php\/wp-json\/wp\/v2\/tags?post=5656"}],"curies":[{"name":"wp","href":"https:\/\/api.w.org\/{rel}","templated":true}]}}