{"id":5645,"date":"2025-09-18T08:46:09","date_gmt":"2025-09-18T08:46:09","guid":{"rendered":"https:\/\/www.abchukuk.com\/index.php\/2025\/09\/18\/tacizden-gozaltina-alinan-kurye-hakkinda-karar\/"},"modified":"2025-09-18T08:46:09","modified_gmt":"2025-09-18T08:46:09","slug":"tacizden-gozaltina-alinan-kurye-hakkinda-karar","status":"publish","type":"post","link":"https:\/\/www.abchukuk.com\/index.php\/2025\/09\/18\/tacizden-gozaltina-alinan-kurye-hakkinda-karar\/","title":{"rendered":"Tacizden g\u00f6zalt\u0131na al\u0131nan kurye hakk\u0131nda karar!"},"content":{"rendered":"<p>Ankara&#8217;n\u0131n \u00c7ankaya il\u00e7esinde, sipari\u015f g\u00f6t\u00fcrd\u00fc\u011f\u00fc kad\u0131n\u0131n evine girmeye kalk\u0131\u015fan ve taciz iddias\u0131yla g\u00f6zalt\u0131na al\u0131nan kurye 22 ya\u015f\u0131ndaki E.C.K., adli kontrol \u015fart\u0131yla serbest b\u0131rak\u0131ld\u0131Ankara&#8217;n\u0131n \u00c7ankaya il\u00e7esinde, sipari\u015f g\u00f6t\u00fcrd\u00fc\u011f\u00fc kad\u0131n\u0131n evine girmeye kalk\u0131\u015fan ve taciz iddias\u0131yla g\u00f6zalt\u0131na al\u0131nan kurye 22 ya\u015f\u0131ndaki E.C.K., adli kontrol \u015fart\u0131yla serbest b\u0131rak\u0131ld\u0131\u00a0<a href=\"https:\/\/www.haberturk.com\/taciz-iddiasiyla-gozaltina-alinan-kurye-serbest-son-dakika-haberi-3823301\" target=\"_blank\" class=\"feedzy-rss-link-icon\">Read More<\/a><\/p>","protected":false},"excerpt":{"rendered":"<p>Ankara&#8217;n\u0131n \u00c7ankaya il\u00e7esinde, sipari\u015f g\u00f6t\u00fcrd\u00fc\u011f\u00fc kad\u0131n\u0131n evine girmeye kalk\u0131\u015fan ve taciz iddias\u0131yla g\u00f6zalt\u0131na al\u0131nan kurye 22 ya\u015f\u0131ndaki E.C.K., adli kontrol \u015fart\u0131yla serbest b\u0131rak\u0131ld\u0131Ankara&#8217;n\u0131n \u00c7ankaya il\u00e7esinde, sipari\u015f g\u00f6t\u00fcrd\u00fc\u011f\u00fc kad\u0131n\u0131n evine girmeye kalk\u0131\u015fan ve taciz iddias\u0131yla g\u00f6zalt\u0131na al\u0131nan kurye 22 ya\u015f\u0131ndaki E.C.K., adli kontrol \u015fart\u0131yla serbest b\u0131rak\u0131ld\u0131\u00a0Read More<\/p>\n","protected":false},"author":1,"featured_media":0,"comment_status":"open","ping_status":"open","sticky":false,"template":"","format":"standard","meta":{"footnotes":"","_links_to":"","_links_to_target":""},"categories":[1],"tags":[],"class_list":["post-5645","post","type-post","status-publish","format-standard","hentry","category-haberler"],"_links":{"self":[{"href":"https:\/\/www.abchukuk.com\/index.php\/wp-json\/wp\/v2\/posts\/5645","targetHints":{"allow":["GET"]}}],"collection":[{"href":"https:\/\/www.abchukuk.com\/index.php\/wp-json\/wp\/v2\/posts"}],"about":[{"href":"https:\/\/www.abchukuk.com\/index.php\/wp-json\/wp\/v2\/types\/post"}],"author":[{"embeddable":true,"href":"https:\/\/www.abchukuk.com\/index.php\/wp-json\/wp\/v2\/users\/1"}],"replies":[{"embeddable":true,"href":"https:\/\/www.abchukuk.com\/index.php\/wp-json\/wp\/v2\/comments?post=5645"}],"version-history":[{"count":0,"href":"https:\/\/www.abchukuk.com\/index.php\/wp-json\/wp\/v2\/posts\/5645\/revisions"}],"wp:attachment":[{"href":"https:\/\/www.abchukuk.com\/index.php\/wp-json\/wp\/v2\/media?parent=5645"}],"wp:term":[{"taxonomy":"category","embeddable":true,"href":"https:\/\/www.abchukuk.com\/index.php\/wp-json\/wp\/v2\/categories?post=5645"},{"taxonomy":"post_tag","embeddable":true,"href":"https:\/\/www.abchukuk.com\/index.php\/wp-json\/wp\/v2\/tags?post=5645"}],"curies":[{"name":"wp","href":"https:\/\/api.w.org\/{rel}","templated":true}]}}