{"id":5644,"date":"2025-09-18T20:27:45","date_gmt":"2025-09-18T20:27:45","guid":{"rendered":"https:\/\/www.abchukuk.com\/index.php\/2025\/09\/18\/rusya-mh17-ucak-kazasi-kararini-bm-uluslararasi-adalet-divaninda-temyize-goturdu\/"},"modified":"2025-09-18T20:27:45","modified_gmt":"2025-09-18T20:27:45","slug":"rusya-mh17-ucak-kazasi-kararini-bm-uluslararasi-adalet-divaninda-temyize-goturdu","status":"publish","type":"post","link":"https:\/\/www.abchukuk.com\/index.php\/2025\/09\/18\/rusya-mh17-ucak-kazasi-kararini-bm-uluslararasi-adalet-divaninda-temyize-goturdu\/","title":{"rendered":"Rusya, MH17 u\u00e7ak kazas\u0131 karar\u0131n\u0131 BM Uluslararas\u0131 Adalet Divan\u0131\u2019nda temyize g\u00f6t\u00fcrd\u00fc"},"content":{"rendered":"<p>Rusya, Uluslararas\u0131 Sivil Havac\u0131l\u0131k \u00d6rg\u00fct\u00fc Konseyi\u2019nin (ICAO) Moskova&#8217;n\u0131n Malezya Havayollar\u0131\u2019na ait Boeing MH17 u\u00e7a\u011f\u0131n\u0131n d\u00fc\u015f\u00fcr\u00fclmesiyle ilgisi oldu\u011fu iddias\u0131na dayanan as\u0131ls\u0131z karar\u0131n\u0131 BM\u2019nin Uluslararas\u0131 Mahkemesi\u2019ne ta\u015f\u0131d\u0131.Rusya, Uluslararas\u0131 Sivil Havac\u0131l\u0131k \u00d6rg\u00fct\u00fc Konseyi\u2019nin (ICAO) Moskova&#8217;n\u0131n Malezya Havayollar\u0131\u2019na ait Boeing MH17 u\u00e7a\u011f\u0131n\u0131n d\u00fc\u015f\u00fcr\u00fclmesiyle ilgisi oldu\u011fu iddias\u0131na dayanan as\u0131ls\u0131z karar\u0131n\u0131 BM\u2019nin Uluslararas\u0131 Mahkemesi\u2019ne ta\u015f\u0131d\u0131.\u00a0<a href=\"https:\/\/anlatilaninotesi.com.tr\/20250918\/rusya-mh17-ucak-kazasi-kararini-bm-uluslararasi-adalet-divaninda-temyize-goturdu-1099484447.html\" target=\"_blank\" class=\"feedzy-rss-link-icon\">Read More<\/a><\/p>","protected":false},"excerpt":{"rendered":"<p>Rusya, Uluslararas\u0131 Sivil Havac\u0131l\u0131k \u00d6rg\u00fct\u00fc Konseyi\u2019nin (ICAO) Moskova&#8217;n\u0131n Malezya Havayollar\u0131\u2019na ait Boeing MH17 u\u00e7a\u011f\u0131n\u0131n d\u00fc\u015f\u00fcr\u00fclmesiyle ilgisi oldu\u011fu iddias\u0131na dayanan as\u0131ls\u0131z karar\u0131n\u0131 BM\u2019nin Uluslararas\u0131 Mahkemesi\u2019ne ta\u015f\u0131d\u0131.Rusya, Uluslararas\u0131 Sivil Havac\u0131l\u0131k \u00d6rg\u00fct\u00fc Konseyi\u2019nin (ICAO) Moskova&#8217;n\u0131n Malezya Havayollar\u0131\u2019na ait Boeing MH17 u\u00e7a\u011f\u0131n\u0131n d\u00fc\u015f\u00fcr\u00fclmesiyle ilgisi oldu\u011fu iddias\u0131na dayanan as\u0131ls\u0131z karar\u0131n\u0131 BM\u2019nin Uluslararas\u0131 Mahkemesi\u2019ne ta\u015f\u0131d\u0131.\u00a0Read More<\/p>\n","protected":false},"author":1,"featured_media":0,"comment_status":"open","ping_status":"open","sticky":false,"template":"","format":"standard","meta":{"footnotes":"","_links_to":"","_links_to_target":""},"categories":[1],"tags":[],"class_list":["post-5644","post","type-post","status-publish","format-standard","hentry","category-haberler"],"_links":{"self":[{"href":"https:\/\/www.abchukuk.com\/index.php\/wp-json\/wp\/v2\/posts\/5644","targetHints":{"allow":["GET"]}}],"collection":[{"href":"https:\/\/www.abchukuk.com\/index.php\/wp-json\/wp\/v2\/posts"}],"about":[{"href":"https:\/\/www.abchukuk.com\/index.php\/wp-json\/wp\/v2\/types\/post"}],"author":[{"embeddable":true,"href":"https:\/\/www.abchukuk.com\/index.php\/wp-json\/wp\/v2\/users\/1"}],"replies":[{"embeddable":true,"href":"https:\/\/www.abchukuk.com\/index.php\/wp-json\/wp\/v2\/comments?post=5644"}],"version-history":[{"count":0,"href":"https:\/\/www.abchukuk.com\/index.php\/wp-json\/wp\/v2\/posts\/5644\/revisions"}],"wp:attachment":[{"href":"https:\/\/www.abchukuk.com\/index.php\/wp-json\/wp\/v2\/media?parent=5644"}],"wp:term":[{"taxonomy":"category","embeddable":true,"href":"https:\/\/www.abchukuk.com\/index.php\/wp-json\/wp\/v2\/categories?post=5644"},{"taxonomy":"post_tag","embeddable":true,"href":"https:\/\/www.abchukuk.com\/index.php\/wp-json\/wp\/v2\/tags?post=5644"}],"curies":[{"name":"wp","href":"https:\/\/api.w.org\/{rel}","templated":true}]}}