{"id":5641,"date":"2025-09-18T18:25:08","date_gmt":"2025-09-18T18:25:08","guid":{"rendered":"https:\/\/www.abchukuk.com\/index.php\/2025\/09\/18\/uluslararasi-ceza-mahkemesi-bati-tarafindan-istismar-ediliyor\/"},"modified":"2025-09-18T18:25:08","modified_gmt":"2025-09-18T18:25:08","slug":"uluslararasi-ceza-mahkemesi-bati-tarafindan-istismar-ediliyor","status":"publish","type":"post","link":"https:\/\/www.abchukuk.com\/index.php\/2025\/09\/18\/uluslararasi-ceza-mahkemesi-bati-tarafindan-istismar-ediliyor\/","title":{"rendered":"\u2018Uluslararas\u0131 Ceza Mahkemesi Bat\u0131 taraf\u0131ndan istismar ediliyor\u2019"},"content":{"rendered":"<p>Mali Ulusal Konferans Tavsiyelerinin Uygulanmas\u0131n\u0131 \u0130zleme Komitesi \u00fcyesi Amadou Tieoule Diarra, Uluslararas\u0131 Ceza Mahkemesi\u2019nin (UCM) Bat\u0131 taraf\u0131ndan \u00f6zellikle Afrika liderlerini hedef almak i\u00e7in kullan\u0131ld\u0131\u011f\u0131n\u0131 ve \u00e7ifte standart uygulad\u0131\u011f\u0131n\u0131 belirtti.Mali Ulusal Konferans Tavsiyelerinin Uygulanmas\u0131n\u0131 \u0130zleme Komitesi \u00fcyesi Amadou Tieoule Diarra, Uluslararas\u0131 Ceza Mahkemesi\u2019nin (UCM) Bat\u0131 taraf\u0131ndan \u00f6zellikle Afrika liderlerini hedef almak i\u00e7in kullan\u0131ld\u0131\u011f\u0131n\u0131 ve \u00e7ifte standart uygulad\u0131\u011f\u0131n\u0131 belirtti.\u00a0<a href=\"https:\/\/anlatilaninotesi.com.tr\/20250918\/uluslararasi-ceza-mahkemesi-bati-tarafindan-istismar-ediliyor-1099482168.html\" target=\"_blank\" class=\"feedzy-rss-link-icon\">Read More<\/a><\/p>","protected":false},"excerpt":{"rendered":"<p>Mali Ulusal Konferans Tavsiyelerinin Uygulanmas\u0131n\u0131 \u0130zleme Komitesi \u00fcyesi Amadou Tieoule Diarra, Uluslararas\u0131 Ceza Mahkemesi\u2019nin (UCM) Bat\u0131 taraf\u0131ndan \u00f6zellikle Afrika liderlerini hedef almak i\u00e7in kullan\u0131ld\u0131\u011f\u0131n\u0131 ve \u00e7ifte standart uygulad\u0131\u011f\u0131n\u0131 belirtti.Mali Ulusal Konferans Tavsiyelerinin Uygulanmas\u0131n\u0131 \u0130zleme Komitesi \u00fcyesi Amadou Tieoule Diarra, Uluslararas\u0131 Ceza Mahkemesi\u2019nin (UCM) Bat\u0131 taraf\u0131ndan \u00f6zellikle Afrika liderlerini hedef almak i\u00e7in kullan\u0131ld\u0131\u011f\u0131n\u0131 ve \u00e7ifte standart [&hellip;]<\/p>\n","protected":false},"author":1,"featured_media":0,"comment_status":"open","ping_status":"open","sticky":false,"template":"","format":"standard","meta":{"footnotes":"","_links_to":"","_links_to_target":""},"categories":[1],"tags":[],"class_list":["post-5641","post","type-post","status-publish","format-standard","hentry","category-haberler"],"_links":{"self":[{"href":"https:\/\/www.abchukuk.com\/index.php\/wp-json\/wp\/v2\/posts\/5641","targetHints":{"allow":["GET"]}}],"collection":[{"href":"https:\/\/www.abchukuk.com\/index.php\/wp-json\/wp\/v2\/posts"}],"about":[{"href":"https:\/\/www.abchukuk.com\/index.php\/wp-json\/wp\/v2\/types\/post"}],"author":[{"embeddable":true,"href":"https:\/\/www.abchukuk.com\/index.php\/wp-json\/wp\/v2\/users\/1"}],"replies":[{"embeddable":true,"href":"https:\/\/www.abchukuk.com\/index.php\/wp-json\/wp\/v2\/comments?post=5641"}],"version-history":[{"count":0,"href":"https:\/\/www.abchukuk.com\/index.php\/wp-json\/wp\/v2\/posts\/5641\/revisions"}],"wp:attachment":[{"href":"https:\/\/www.abchukuk.com\/index.php\/wp-json\/wp\/v2\/media?parent=5641"}],"wp:term":[{"taxonomy":"category","embeddable":true,"href":"https:\/\/www.abchukuk.com\/index.php\/wp-json\/wp\/v2\/categories?post=5641"},{"taxonomy":"post_tag","embeddable":true,"href":"https:\/\/www.abchukuk.com\/index.php\/wp-json\/wp\/v2\/tags?post=5641"}],"curies":[{"name":"wp","href":"https:\/\/api.w.org\/{rel}","templated":true}]}}