{"id":5637,"date":"2025-09-18T16:03:00","date_gmt":"2025-09-18T16:03:00","guid":{"rendered":"https:\/\/www.abchukuk.com\/index.php\/2025\/09\/18\/esini-ve-oglunu-oldurmekle-suclaniyor-doktor-cezaevinde-intihara-kalkisti\/"},"modified":"2025-09-18T16:03:00","modified_gmt":"2025-09-18T16:03:00","slug":"esini-ve-oglunu-oldurmekle-suclaniyor-doktor-cezaevinde-intihara-kalkisti","status":"publish","type":"post","link":"https:\/\/www.abchukuk.com\/index.php\/2025\/09\/18\/esini-ve-oglunu-oldurmekle-suclaniyor-doktor-cezaevinde-intihara-kalkisti\/","title":{"rendered":"E\u015fini ve o\u011flunu \u00f6ld\u00fcrmekle su\u00e7lan\u0131yor: Doktor, cezaevinde intihara kalk\u0131\u015ft\u0131"},"content":{"rendered":"<p>Samsun\u2019un Bafra il\u00e7esinde K\u0131z\u0131l\u0131rmak Nehri\u2019ne u\u00e7an otomobilde ya\u015fam\u0131n\u0131 yitiren e\u015fi G\u00fcl\u015fah Karaman K\u0131yak (34) ve o\u011fullar\u0131 Alperen\u2019in (3) \u00f6l\u00fcm\u00fcne ili\u015fkin \u2018tasarlayarak kasten \u00f6ld\u00fcrme\u2019 su\u00e7undan tutuklanan s\u00fcr\u00fcc\u00fc Dr. Serdar K\u0131yak, kald\u0131\u011f\u0131 cezaevinde intihara te\u015febb\u00fcs etti.Samsun\u2019un Bafra il\u00e7esinde K\u0131z\u0131l\u0131rmak Nehri\u2019ne u\u00e7an otomobilde ya\u015fam\u0131n\u0131 yitiren e\u015fi G\u00fcl\u015fah Karaman K\u0131yak (34) ve o\u011fullar\u0131 Alperen\u2019in (3) \u00f6l\u00fcm\u00fcne ili\u015fkin \u2018tasarlayarak kasten \u00f6ld\u00fcrme\u2019 su\u00e7undan tutuklanan s\u00fcr\u00fcc\u00fc Dr. Serdar K\u0131yak, kald\u0131\u011f\u0131 cezaevinde intihara te\u015febb\u00fcs etti.\u00a0<a href=\"https:\/\/www.cumhuriyet.com.tr\/turkiye\/esini-ve-oglunu-oldurmekle-suclaniyor-doktor-cezaevinde-intihara-kalkisti-2436323\" target=\"_blank\" class=\"feedzy-rss-link-icon\">Read More<\/a><\/p>","protected":false},"excerpt":{"rendered":"<p>Samsun\u2019un Bafra il\u00e7esinde K\u0131z\u0131l\u0131rmak Nehri\u2019ne u\u00e7an otomobilde ya\u015fam\u0131n\u0131 yitiren e\u015fi G\u00fcl\u015fah Karaman K\u0131yak (34) ve o\u011fullar\u0131 Alperen\u2019in (3) \u00f6l\u00fcm\u00fcne ili\u015fkin \u2018tasarlayarak kasten \u00f6ld\u00fcrme\u2019 su\u00e7undan tutuklanan s\u00fcr\u00fcc\u00fc Dr. Serdar K\u0131yak, kald\u0131\u011f\u0131 cezaevinde intihara te\u015febb\u00fcs etti.Samsun\u2019un Bafra il\u00e7esinde K\u0131z\u0131l\u0131rmak Nehri\u2019ne u\u00e7an otomobilde ya\u015fam\u0131n\u0131 yitiren e\u015fi G\u00fcl\u015fah Karaman K\u0131yak (34) ve o\u011fullar\u0131 Alperen\u2019in (3) \u00f6l\u00fcm\u00fcne ili\u015fkin \u2018tasarlayarak kasten [&hellip;]<\/p>\n","protected":false},"author":1,"featured_media":5638,"comment_status":"open","ping_status":"open","sticky":false,"template":"","format":"standard","meta":{"footnotes":"","_links_to":"","_links_to_target":""},"categories":[1],"tags":[],"class_list":["post-5637","post","type-post","status-publish","format-standard","has-post-thumbnail","hentry","category-haberler"],"_links":{"self":[{"href":"https:\/\/www.abchukuk.com\/index.php\/wp-json\/wp\/v2\/posts\/5637","targetHints":{"allow":["GET"]}}],"collection":[{"href":"https:\/\/www.abchukuk.com\/index.php\/wp-json\/wp\/v2\/posts"}],"about":[{"href":"https:\/\/www.abchukuk.com\/index.php\/wp-json\/wp\/v2\/types\/post"}],"author":[{"embeddable":true,"href":"https:\/\/www.abchukuk.com\/index.php\/wp-json\/wp\/v2\/users\/1"}],"replies":[{"embeddable":true,"href":"https:\/\/www.abchukuk.com\/index.php\/wp-json\/wp\/v2\/comments?post=5637"}],"version-history":[{"count":0,"href":"https:\/\/www.abchukuk.com\/index.php\/wp-json\/wp\/v2\/posts\/5637\/revisions"}],"wp:featuredmedia":[{"embeddable":true,"href":"https:\/\/www.abchukuk.com\/index.php\/wp-json\/wp\/v2\/media\/5638"}],"wp:attachment":[{"href":"https:\/\/www.abchukuk.com\/index.php\/wp-json\/wp\/v2\/media?parent=5637"}],"wp:term":[{"taxonomy":"category","embeddable":true,"href":"https:\/\/www.abchukuk.com\/index.php\/wp-json\/wp\/v2\/categories?post=5637"},{"taxonomy":"post_tag","embeddable":true,"href":"https:\/\/www.abchukuk.com\/index.php\/wp-json\/wp\/v2\/tags?post=5637"}],"curies":[{"name":"wp","href":"https:\/\/api.w.org\/{rel}","templated":true}]}}