{"id":5634,"date":"2025-09-18T15:01:39","date_gmt":"2025-09-18T15:01:39","guid":{"rendered":"https:\/\/www.abchukuk.com\/index.php\/2025\/09\/18\/kirklarelinde-44-yil-hapis-cezasi-bulunan-hukumlu-yakalandi\/"},"modified":"2025-09-18T15:01:39","modified_gmt":"2025-09-18T15:01:39","slug":"kirklarelinde-44-yil-hapis-cezasi-bulunan-hukumlu-yakalandi","status":"publish","type":"post","link":"https:\/\/www.abchukuk.com\/index.php\/2025\/09\/18\/kirklarelinde-44-yil-hapis-cezasi-bulunan-hukumlu-yakalandi\/","title":{"rendered":"K\u0131rklareli&#8217;nde 44 Y\u0131l Hapis Cezas\u0131 Bulunan H\u00fck\u00fcml\u00fc Yakaland\u0131"},"content":{"rendered":"<p><a href=\"https:\/\/www.gercekgundem.com\/yurttan-haberler\/kirklarelinde-44-yil-hapis-cezasi-bulunan-hukumlu-yakalandi-555937\"><br \/>\n                                                            <img decoding=\"async\" src=\"https:\/\/i.gercekgundem.com\/2\/150\/84\/storage\/files\/images\/2025\/07\/12\/dizayn-arac-dolandiriciliginda-6-tutuklama-1y54.jpg\" width=\"150\" height=\"84\" border=\"0\" align=\"right\" \/><br \/>\n                                                    <\/a><\/p>\n<h4>K\u0131rklareli&#8217;de hakk\u0131nda h\u0131rs\u0131zl\u0131k su\u00e7lar\u0131ndan kesinle\u015fmi\u015f hapis cezas\u0131 bulunan bir ki\u015fi polis ekiplerince yakaland\u0131.<\/h4>\n<p>K\u0131rklareli&#8217;de hakk\u0131nda h\u0131rs\u0131zl\u0131k su\u00e7lar\u0131ndan kesinle\u015fmi\u015f hapis cezas\u0131 bulunan bir ki\u015fi polis ekiplerince yakaland\u0131.\u00a0<a href=\"https:\/\/www.gercekgundem.com\/yurttan-haberler\/kirklarelinde-44-yil-hapis-cezasi-bulunan-hukumlu-yakalandi-555937\" target=\"_blank\" class=\"feedzy-rss-link-icon\">Read More<\/a><\/p>","protected":false},"excerpt":{"rendered":"<p>K\u0131rklareli&#8217;de hakk\u0131nda h\u0131rs\u0131zl\u0131k su\u00e7lar\u0131ndan kesinle\u015fmi\u015f hapis cezas\u0131 bulunan bir ki\u015fi polis ekiplerince yakaland\u0131. K\u0131rklareli&#8217;de hakk\u0131nda h\u0131rs\u0131zl\u0131k su\u00e7lar\u0131ndan kesinle\u015fmi\u015f hapis cezas\u0131 bulunan bir ki\u015fi polis ekiplerince yakaland\u0131.\u00a0Read More<\/p>\n","protected":false},"author":1,"featured_media":5635,"comment_status":"open","ping_status":"open","sticky":false,"template":"","format":"standard","meta":{"footnotes":"","_links_to":"","_links_to_target":""},"categories":[1],"tags":[],"class_list":["post-5634","post","type-post","status-publish","format-standard","has-post-thumbnail","hentry","category-haberler"],"_links":{"self":[{"href":"https:\/\/www.abchukuk.com\/index.php\/wp-json\/wp\/v2\/posts\/5634","targetHints":{"allow":["GET"]}}],"collection":[{"href":"https:\/\/www.abchukuk.com\/index.php\/wp-json\/wp\/v2\/posts"}],"about":[{"href":"https:\/\/www.abchukuk.com\/index.php\/wp-json\/wp\/v2\/types\/post"}],"author":[{"embeddable":true,"href":"https:\/\/www.abchukuk.com\/index.php\/wp-json\/wp\/v2\/users\/1"}],"replies":[{"embeddable":true,"href":"https:\/\/www.abchukuk.com\/index.php\/wp-json\/wp\/v2\/comments?post=5634"}],"version-history":[{"count":0,"href":"https:\/\/www.abchukuk.com\/index.php\/wp-json\/wp\/v2\/posts\/5634\/revisions"}],"wp:featuredmedia":[{"embeddable":true,"href":"https:\/\/www.abchukuk.com\/index.php\/wp-json\/wp\/v2\/media\/5635"}],"wp:attachment":[{"href":"https:\/\/www.abchukuk.com\/index.php\/wp-json\/wp\/v2\/media?parent=5634"}],"wp:term":[{"taxonomy":"category","embeddable":true,"href":"https:\/\/www.abchukuk.com\/index.php\/wp-json\/wp\/v2\/categories?post=5634"},{"taxonomy":"post_tag","embeddable":true,"href":"https:\/\/www.abchukuk.com\/index.php\/wp-json\/wp\/v2\/tags?post=5634"}],"curies":[{"name":"wp","href":"https:\/\/api.w.org\/{rel}","templated":true}]}}