{"id":5630,"date":"2025-09-18T14:03:00","date_gmt":"2025-09-18T14:03:00","guid":{"rendered":"https:\/\/www.abchukuk.com\/index.php\/2025\/09\/18\/cezaevinde-olmasi-gerekirken-bakin-nereden-cikti\/"},"modified":"2025-09-18T14:03:00","modified_gmt":"2025-09-18T14:03:00","slug":"cezaevinde-olmasi-gerekirken-bakin-nereden-cikti","status":"publish","type":"post","link":"https:\/\/www.abchukuk.com\/index.php\/2025\/09\/18\/cezaevinde-olmasi-gerekirken-bakin-nereden-cikti\/","title":{"rendered":"Cezaevinde Olmas\u0131 Gerekirken Bak\u0131n Nereden \u00c7\u0131kt\u0131!"},"content":{"rendered":"<p><a href=\"https:\/\/www.gercekgundem.com\/yurttan-haberler\/cezaevinde-olmasi-gerekirken-bakin-nereden-cikti-555911\"><br \/>\n                                                            <img decoding=\"async\" src=\"https:\/\/i.gercekgundem.com\/2\/150\/84\/storage\/files\/images\/2025\/09\/18\/cezaevinde-olmasi-gerekirken-bakin-nereden-cikti-xubm.jpg\" width=\"150\" height=\"84\" border=\"0\" align=\"right\" \/><br \/>\n                                                    <\/a><\/p>\n<h4>\u0130stanbul&#8217;un Esenyurt il\u00e7esinde, 4 y\u0131l 2 ay hapis cezas\u0131ndan ka\u00e7an Burak \u00d6.&#8217;y\u00fc yakalamak i\u00e7in evine bask\u0131n yapan polis ekipleri, cami imam\u0131 babas\u0131yla kar\u015f\u0131la\u015ft\u0131. Tart\u0131\u015fmaya d\u00f6n\u00fc\u015fen gerginlikte imam, memura zorluk \u00e7\u0131kard\u0131\u011f\u0131 iddias\u0131yla adliyeye sevk edildi. Olay\u0131n g\u00f6r\u00fcnt\u00fcleri kameralara yans\u0131d\u0131.<\/h4>\n<p>\u0130stanbul&#8217;un Esenyurt il\u00e7esinde, 4 y\u0131l 2 ay hapis cezas\u0131ndan ka\u00e7an Burak \u00d6.&#8217;y\u00fc yakalamak i\u00e7in evine bask\u0131n yapan polis ekipleri, cami imam\u0131 babas\u0131yla kar\u015f\u0131la\u015ft\u0131. Tart\u0131\u015fmaya d\u00f6n\u00fc\u015fen gerginlikte imam, memura zorluk \u00e7\u0131kard\u0131\u011f\u0131 iddias\u0131yla adliyeye sevk edildi. Olay\u0131n g\u00f6r\u00fcnt\u00fcleri kameralara yans\u0131d\u0131.\u00a0<a href=\"https:\/\/www.gercekgundem.com\/yurttan-haberler\/cezaevinde-olmasi-gerekirken-bakin-nereden-cikti-555911\" target=\"_blank\" class=\"feedzy-rss-link-icon\">Read More<\/a><\/p>","protected":false},"excerpt":{"rendered":"<p>\u0130stanbul&#8217;un Esenyurt il\u00e7esinde, 4 y\u0131l 2 ay hapis cezas\u0131ndan ka\u00e7an Burak \u00d6.&#8217;y\u00fc yakalamak i\u00e7in evine bask\u0131n yapan polis ekipleri, cami imam\u0131 babas\u0131yla kar\u015f\u0131la\u015ft\u0131. Tart\u0131\u015fmaya d\u00f6n\u00fc\u015fen gerginlikte imam, memura zorluk \u00e7\u0131kard\u0131\u011f\u0131 iddias\u0131yla adliyeye sevk edildi. Olay\u0131n g\u00f6r\u00fcnt\u00fcleri kameralara yans\u0131d\u0131. \u0130stanbul&#8217;un Esenyurt il\u00e7esinde, 4 y\u0131l 2 ay hapis cezas\u0131ndan ka\u00e7an Burak \u00d6.&#8217;y\u00fc yakalamak i\u00e7in evine bask\u0131n yapan [&hellip;]<\/p>\n","protected":false},"author":1,"featured_media":5631,"comment_status":"open","ping_status":"open","sticky":false,"template":"","format":"standard","meta":{"footnotes":"","_links_to":"","_links_to_target":""},"categories":[1],"tags":[],"class_list":["post-5630","post","type-post","status-publish","format-standard","has-post-thumbnail","hentry","category-haberler"],"_links":{"self":[{"href":"https:\/\/www.abchukuk.com\/index.php\/wp-json\/wp\/v2\/posts\/5630","targetHints":{"allow":["GET"]}}],"collection":[{"href":"https:\/\/www.abchukuk.com\/index.php\/wp-json\/wp\/v2\/posts"}],"about":[{"href":"https:\/\/www.abchukuk.com\/index.php\/wp-json\/wp\/v2\/types\/post"}],"author":[{"embeddable":true,"href":"https:\/\/www.abchukuk.com\/index.php\/wp-json\/wp\/v2\/users\/1"}],"replies":[{"embeddable":true,"href":"https:\/\/www.abchukuk.com\/index.php\/wp-json\/wp\/v2\/comments?post=5630"}],"version-history":[{"count":0,"href":"https:\/\/www.abchukuk.com\/index.php\/wp-json\/wp\/v2\/posts\/5630\/revisions"}],"wp:featuredmedia":[{"embeddable":true,"href":"https:\/\/www.abchukuk.com\/index.php\/wp-json\/wp\/v2\/media\/5631"}],"wp:attachment":[{"href":"https:\/\/www.abchukuk.com\/index.php\/wp-json\/wp\/v2\/media?parent=5630"}],"wp:term":[{"taxonomy":"category","embeddable":true,"href":"https:\/\/www.abchukuk.com\/index.php\/wp-json\/wp\/v2\/categories?post=5630"},{"taxonomy":"post_tag","embeddable":true,"href":"https:\/\/www.abchukuk.com\/index.php\/wp-json\/wp\/v2\/tags?post=5630"}],"curies":[{"name":"wp","href":"https:\/\/api.w.org\/{rel}","templated":true}]}}