{"id":5628,"date":"2025-09-18T14:41:24","date_gmt":"2025-09-18T14:41:24","guid":{"rendered":"https:\/\/www.abchukuk.com\/index.php\/2025\/09\/18\/rusya-disisleri-bakanligi-turkiye-ve-ermenistanin-bir-an-once-uzlasmasini-destekliyoruz\/"},"modified":"2025-09-18T14:41:24","modified_gmt":"2025-09-18T14:41:24","slug":"rusya-disisleri-bakanligi-turkiye-ve-ermenistanin-bir-an-once-uzlasmasini-destekliyoruz","status":"publish","type":"post","link":"https:\/\/www.abchukuk.com\/index.php\/2025\/09\/18\/rusya-disisleri-bakanligi-turkiye-ve-ermenistanin-bir-an-once-uzlasmasini-destekliyoruz\/","title":{"rendered":"Rusya D\u0131\u015fi\u015fleri Bakanl\u0131\u011f\u0131: T\u00fcrkiye ve Ermenistan&#8217;\u0131n bir an \u00f6nce uzla\u015fmas\u0131n\u0131 destekliyoruz"},"content":{"rendered":"<p>Rusya Federasyonu D\u0131\u015fi\u015fleri Bakanl\u0131\u011f\u0131 S\u00f6zc\u00fcs\u00fc Zaharova, T\u00fcrkiye ile Ermenistan aras\u0131nda Erivan&#8217;da ger\u00e7ekle\u015ftirilen \u00f6zel temsilciler g\u00f6r\u00fc\u015fmesine at\u0131fta bulunarak Rusya&#8217;n\u0131n G\u00fcney Kafkasya&#8217;da kal\u0131c\u0131 bar\u0131\u015f i\u00e7in Ermenistan ve T\u00fcrkiye&#8217;nin en k\u0131sa s\u00fcrede uzla\u015fmas\u0131n\u0131 destekledi\u011fini ifade etti.Rusya Federasyonu D\u0131\u015fi\u015fleri Bakanl\u0131\u011f\u0131 S\u00f6zc\u00fcs\u00fc Zaharova, T\u00fcrkiye ile Ermenistan aras\u0131nda Erivan&#8217;da ger\u00e7ekle\u015ftirilen \u00f6zel temsilciler g\u00f6r\u00fc\u015fmesine at\u0131fta bulunarak Rusya&#8217;n\u0131n G\u00fcney Kafkasya&#8217;da kal\u0131c\u0131 bar\u0131\u015f i\u00e7in Ermenistan ve T\u00fcrkiye&#8217;nin en k\u0131sa s\u00fcrede uzla\u015fmas\u0131n\u0131 destekledi\u011fini ifade etti.\u00a0<a href=\"https:\/\/anlatilaninotesi.com.tr\/20250918\/rusya-disisleri-bakanligi-turkiye-ve-ermenistanin-bir-an-once-uzlasmasini-destekliyoruz-1099476912.html\" target=\"_blank\" class=\"feedzy-rss-link-icon\">Read More<\/a><\/p>","protected":false},"excerpt":{"rendered":"<p>Rusya Federasyonu D\u0131\u015fi\u015fleri Bakanl\u0131\u011f\u0131 S\u00f6zc\u00fcs\u00fc Zaharova, T\u00fcrkiye ile Ermenistan aras\u0131nda Erivan&#8217;da ger\u00e7ekle\u015ftirilen \u00f6zel temsilciler g\u00f6r\u00fc\u015fmesine at\u0131fta bulunarak Rusya&#8217;n\u0131n G\u00fcney Kafkasya&#8217;da kal\u0131c\u0131 bar\u0131\u015f i\u00e7in Ermenistan ve T\u00fcrkiye&#8217;nin en k\u0131sa s\u00fcrede uzla\u015fmas\u0131n\u0131 destekledi\u011fini ifade etti.Rusya Federasyonu D\u0131\u015fi\u015fleri Bakanl\u0131\u011f\u0131 S\u00f6zc\u00fcs\u00fc Zaharova, T\u00fcrkiye ile Ermenistan aras\u0131nda Erivan&#8217;da ger\u00e7ekle\u015ftirilen \u00f6zel temsilciler g\u00f6r\u00fc\u015fmesine at\u0131fta bulunarak Rusya&#8217;n\u0131n G\u00fcney Kafkasya&#8217;da kal\u0131c\u0131 bar\u0131\u015f i\u00e7in [&hellip;]<\/p>\n","protected":false},"author":1,"featured_media":5629,"comment_status":"open","ping_status":"open","sticky":false,"template":"","format":"standard","meta":{"footnotes":"","_links_to":"","_links_to_target":""},"categories":[1],"tags":[],"class_list":["post-5628","post","type-post","status-publish","format-standard","has-post-thumbnail","hentry","category-haberler"],"_links":{"self":[{"href":"https:\/\/www.abchukuk.com\/index.php\/wp-json\/wp\/v2\/posts\/5628","targetHints":{"allow":["GET"]}}],"collection":[{"href":"https:\/\/www.abchukuk.com\/index.php\/wp-json\/wp\/v2\/posts"}],"about":[{"href":"https:\/\/www.abchukuk.com\/index.php\/wp-json\/wp\/v2\/types\/post"}],"author":[{"embeddable":true,"href":"https:\/\/www.abchukuk.com\/index.php\/wp-json\/wp\/v2\/users\/1"}],"replies":[{"embeddable":true,"href":"https:\/\/www.abchukuk.com\/index.php\/wp-json\/wp\/v2\/comments?post=5628"}],"version-history":[{"count":0,"href":"https:\/\/www.abchukuk.com\/index.php\/wp-json\/wp\/v2\/posts\/5628\/revisions"}],"wp:featuredmedia":[{"embeddable":true,"href":"https:\/\/www.abchukuk.com\/index.php\/wp-json\/wp\/v2\/media\/5629"}],"wp:attachment":[{"href":"https:\/\/www.abchukuk.com\/index.php\/wp-json\/wp\/v2\/media?parent=5628"}],"wp:term":[{"taxonomy":"category","embeddable":true,"href":"https:\/\/www.abchukuk.com\/index.php\/wp-json\/wp\/v2\/categories?post=5628"},{"taxonomy":"post_tag","embeddable":true,"href":"https:\/\/www.abchukuk.com\/index.php\/wp-json\/wp\/v2\/tags?post=5628"}],"curies":[{"name":"wp","href":"https:\/\/api.w.org\/{rel}","templated":true}]}}