{"id":5627,"date":"2025-09-18T09:56:46","date_gmt":"2025-09-18T09:56:46","guid":{"rendered":"https:\/\/www.abchukuk.com\/index.php\/2025\/09\/18\/fransada-kitleler-sokakta-en-az-94-gozalti-protestocular-ekonomi-bakanligina-girdi\/"},"modified":"2025-09-18T09:56:46","modified_gmt":"2025-09-18T09:56:46","slug":"fransada-kitleler-sokakta-en-az-94-gozalti-protestocular-ekonomi-bakanligina-girdi","status":"publish","type":"post","link":"https:\/\/www.abchukuk.com\/index.php\/2025\/09\/18\/fransada-kitleler-sokakta-en-az-94-gozalti-protestocular-ekonomi-bakanligina-girdi\/","title":{"rendered":"Fransa\u2019da kitleler sokakta: En az 94 g\u00f6zalt\u0131, protestocular ekonomi bakanl\u0131\u011f\u0131na girdi"},"content":{"rendered":"<p>Sekiz sendikan\u0131n \u00e7a\u011fr\u0131s\u0131yla ger\u00e7ekle\u015fen greve \u00fclke \u00e7ap\u0131nda onbinler sokaklara d\u00f6k\u00fcld\u00fc.  Kitleler, b\u00fct\u00e7e planlar\u0131n\u0131 protesto ederken, bir grup protestocu ekonomi bakanl\u0131\u011f\u0131 yerle\u015fkesine girdi.Sekiz sendikan\u0131n \u00e7a\u011fr\u0131s\u0131yla ger\u00e7ekle\u015fen greve \u00fclke \u00e7ap\u0131nda onbinler sokaklara d\u00f6k\u00fcld\u00fc.  Kitleler, b\u00fct\u00e7e planlar\u0131n\u0131 protesto ederken, bir grup protestocu ekonomi bakanl\u0131\u011f\u0131 yerle\u015fkesine girdi.\u00a0<a href=\"https:\/\/anlatilaninotesi.com.tr\/20250918\/fransada-son-yillarin-en-buyuk-grevi-800-bin-kisi-sokaga-cikiyor-1099466402.html\" target=\"_blank\" class=\"feedzy-rss-link-icon\">Read More<\/a><\/p>","protected":false},"excerpt":{"rendered":"<p>Sekiz sendikan\u0131n \u00e7a\u011fr\u0131s\u0131yla ger\u00e7ekle\u015fen greve \u00fclke \u00e7ap\u0131nda onbinler sokaklara d\u00f6k\u00fcld\u00fc. Kitleler, b\u00fct\u00e7e planlar\u0131n\u0131 protesto ederken, bir grup protestocu ekonomi bakanl\u0131\u011f\u0131 yerle\u015fkesine girdi.Sekiz sendikan\u0131n \u00e7a\u011fr\u0131s\u0131yla ger\u00e7ekle\u015fen greve \u00fclke \u00e7ap\u0131nda onbinler sokaklara d\u00f6k\u00fcld\u00fc. Kitleler, b\u00fct\u00e7e planlar\u0131n\u0131 protesto ederken, bir grup protestocu ekonomi bakanl\u0131\u011f\u0131 yerle\u015fkesine girdi.\u00a0Read More<\/p>\n","protected":false},"author":1,"featured_media":0,"comment_status":"open","ping_status":"open","sticky":false,"template":"","format":"standard","meta":{"footnotes":"","_links_to":"","_links_to_target":""},"categories":[1],"tags":[],"class_list":["post-5627","post","type-post","status-publish","format-standard","hentry","category-haberler"],"_links":{"self":[{"href":"https:\/\/www.abchukuk.com\/index.php\/wp-json\/wp\/v2\/posts\/5627","targetHints":{"allow":["GET"]}}],"collection":[{"href":"https:\/\/www.abchukuk.com\/index.php\/wp-json\/wp\/v2\/posts"}],"about":[{"href":"https:\/\/www.abchukuk.com\/index.php\/wp-json\/wp\/v2\/types\/post"}],"author":[{"embeddable":true,"href":"https:\/\/www.abchukuk.com\/index.php\/wp-json\/wp\/v2\/users\/1"}],"replies":[{"embeddable":true,"href":"https:\/\/www.abchukuk.com\/index.php\/wp-json\/wp\/v2\/comments?post=5627"}],"version-history":[{"count":0,"href":"https:\/\/www.abchukuk.com\/index.php\/wp-json\/wp\/v2\/posts\/5627\/revisions"}],"wp:attachment":[{"href":"https:\/\/www.abchukuk.com\/index.php\/wp-json\/wp\/v2\/media?parent=5627"}],"wp:term":[{"taxonomy":"category","embeddable":true,"href":"https:\/\/www.abchukuk.com\/index.php\/wp-json\/wp\/v2\/categories?post=5627"},{"taxonomy":"post_tag","embeddable":true,"href":"https:\/\/www.abchukuk.com\/index.php\/wp-json\/wp\/v2\/tags?post=5627"}],"curies":[{"name":"wp","href":"https:\/\/api.w.org\/{rel}","templated":true}]}}