{"id":5623,"date":"2025-09-18T13:57:00","date_gmt":"2025-09-18T13:57:00","guid":{"rendered":"https:\/\/www.abchukuk.com\/index.php\/2025\/09\/18\/bahcelinin-avukatinin-sikayetiyle-gozaltina-alindi-cumhurbaskanina-hakaretten-adliyeye-sevk-edildi-yurt-disina-cikis-yasagi-ve-imza-sarti-ile-serbest-birakildi\/"},"modified":"2025-09-18T13:57:00","modified_gmt":"2025-09-18T13:57:00","slug":"bahcelinin-avukatinin-sikayetiyle-gozaltina-alindi-cumhurbaskanina-hakaretten-adliyeye-sevk-edildi-yurt-disina-cikis-yasagi-ve-imza-sarti-ile-serbest-birakildi","status":"publish","type":"post","link":"https:\/\/www.abchukuk.com\/index.php\/2025\/09\/18\/bahcelinin-avukatinin-sikayetiyle-gozaltina-alindi-cumhurbaskanina-hakaretten-adliyeye-sevk-edildi-yurt-disina-cikis-yasagi-ve-imza-sarti-ile-serbest-birakildi\/","title":{"rendered":"Bah\u00e7eli\u2019nin avukat\u0131n\u0131n \u015fikayetiyle g\u00f6zalt\u0131na al\u0131nd\u0131, \u2018Cumhurba\u015fkan\u0131\u2019na hakaret\u2019ten adliyeye sevk edildi: Yurt d\u0131\u015f\u0131na \u00e7\u0131k\u0131\u015f yasa\u011f\u0131 ve imza \u015fart\u0131 ile serbest b\u0131rak\u0131ld\u0131"},"content":{"rendered":"<p>MHP Genel Ba\u015fkan\u0131 Devlet Bah\u00e7eli&#8217;nin avukat\u0131n\u0131n \u015fikayeti \u00fczerine g\u00f6zalt\u0131na al\u0131nan CHP \u00fcyesi Meltem G\u00f6khano\u011flu, &#8220;Cumhurba\u015fkan\u0131na hakaret&#8221; iddias\u0131yla adliyeye sevk edildi. Savc\u0131l\u0131k, G\u00f6khano\u011flu&#8217;nu &#8220;Cumhurba\u015fkan\u0131na hakaret&#8221; su\u00e7undan de\u011fil, genel &#8220;hakaret&#8221; su\u00e7undan adli kontrol talebiyle Sulh Ceza Hakimli\u011fi&#8217;ne g\u00f6nderdi. Hakimlik ise G\u00f6khano\u011flu hakk\u0131nda yurt d\u0131\u015f\u0131na \u00e7\u0131k\u0131\u015f yasa\u011f\u0131 ve haftada bir g\u00fcn imza verme y\u00fck\u00fcml\u00fcl\u00fc\u011f\u00fc getirilmesine karar verdi.MHP Genel Ba\u015fkan\u0131 Devlet Bah\u00e7eli&#8217;nin avukat\u0131n\u0131n \u015fikayeti \u00fczerine g\u00f6zalt\u0131na al\u0131nan CHP \u00fcyesi Meltem G\u00f6khano\u011flu, &#8220;Cumhurba\u015fkan\u0131na hakaret&#8221; iddias\u0131yla adliyeye sevk edildi. Savc\u0131l\u0131k, G\u00f6khano\u011flu&#8217;nu &#8220;Cumhurba\u015fkan\u0131na hakaret&#8221; su\u00e7undan de\u011fil, genel &#8220;hakaret&#8221; su\u00e7undan adli kontrol talebiyle Sulh Ceza Hakimli\u011fi&#8217;ne g\u00f6nderdi. Hakimlik ise G\u00f6khano\u011flu hakk\u0131nda yurt d\u0131\u015f\u0131na \u00e7\u0131k\u0131\u015f yasa\u011f\u0131 ve haftada bir g\u00fcn imza verme y\u00fck\u00fcml\u00fcl\u00fc\u011f\u00fc getirilmesine karar verdi.\u00a0<a href=\"https:\/\/www.cumhuriyet.com.tr\/turkiye\/bahceli-nin-avukatinin-sikayetiyle-gozaltina-alindi-cumhurbaskani-na-hakaret-ten-adliyeye-sevk-edildi-yurt-disina-cikis-yasagi-ve-imza-sarti-ile-serbest-birakildi-2436285\" target=\"_blank\" class=\"feedzy-rss-link-icon\">Read More<\/a><\/p>","protected":false},"excerpt":{"rendered":"<p>MHP Genel Ba\u015fkan\u0131 Devlet Bah\u00e7eli&#8217;nin avukat\u0131n\u0131n \u015fikayeti \u00fczerine g\u00f6zalt\u0131na al\u0131nan CHP \u00fcyesi Meltem G\u00f6khano\u011flu, &#8220;Cumhurba\u015fkan\u0131na hakaret&#8221; iddias\u0131yla adliyeye sevk edildi. Savc\u0131l\u0131k, G\u00f6khano\u011flu&#8217;nu &#8220;Cumhurba\u015fkan\u0131na hakaret&#8221; su\u00e7undan de\u011fil, genel &#8220;hakaret&#8221; su\u00e7undan adli kontrol talebiyle Sulh Ceza Hakimli\u011fi&#8217;ne g\u00f6nderdi. Hakimlik ise G\u00f6khano\u011flu hakk\u0131nda yurt d\u0131\u015f\u0131na \u00e7\u0131k\u0131\u015f yasa\u011f\u0131 ve haftada bir g\u00fcn imza verme y\u00fck\u00fcml\u00fcl\u00fc\u011f\u00fc getirilmesine karar verdi.MHP Genel [&hellip;]<\/p>\n","protected":false},"author":1,"featured_media":5624,"comment_status":"open","ping_status":"open","sticky":false,"template":"","format":"standard","meta":{"footnotes":"","_links_to":"","_links_to_target":""},"categories":[1],"tags":[],"class_list":["post-5623","post","type-post","status-publish","format-standard","has-post-thumbnail","hentry","category-haberler"],"_links":{"self":[{"href":"https:\/\/www.abchukuk.com\/index.php\/wp-json\/wp\/v2\/posts\/5623","targetHints":{"allow":["GET"]}}],"collection":[{"href":"https:\/\/www.abchukuk.com\/index.php\/wp-json\/wp\/v2\/posts"}],"about":[{"href":"https:\/\/www.abchukuk.com\/index.php\/wp-json\/wp\/v2\/types\/post"}],"author":[{"embeddable":true,"href":"https:\/\/www.abchukuk.com\/index.php\/wp-json\/wp\/v2\/users\/1"}],"replies":[{"embeddable":true,"href":"https:\/\/www.abchukuk.com\/index.php\/wp-json\/wp\/v2\/comments?post=5623"}],"version-history":[{"count":0,"href":"https:\/\/www.abchukuk.com\/index.php\/wp-json\/wp\/v2\/posts\/5623\/revisions"}],"wp:featuredmedia":[{"embeddable":true,"href":"https:\/\/www.abchukuk.com\/index.php\/wp-json\/wp\/v2\/media\/5624"}],"wp:attachment":[{"href":"https:\/\/www.abchukuk.com\/index.php\/wp-json\/wp\/v2\/media?parent=5623"}],"wp:term":[{"taxonomy":"category","embeddable":true,"href":"https:\/\/www.abchukuk.com\/index.php\/wp-json\/wp\/v2\/categories?post=5623"},{"taxonomy":"post_tag","embeddable":true,"href":"https:\/\/www.abchukuk.com\/index.php\/wp-json\/wp\/v2\/tags?post=5623"}],"curies":[{"name":"wp","href":"https:\/\/api.w.org\/{rel}","templated":true}]}}