{"id":5622,"date":"2025-09-18T12:06:30","date_gmt":"2025-09-18T12:06:30","guid":{"rendered":"https:\/\/www.abchukuk.com\/index.php\/2025\/09\/18\/avukat-bengu-aksemsettinoglu-kartalkaya-yangini-sirasindaki-eylemler-de-kasti-cagristiriyor\/"},"modified":"2025-09-18T12:06:30","modified_gmt":"2025-09-18T12:06:30","slug":"avukat-bengu-aksemsettinoglu-kartalkaya-yangini-sirasindaki-eylemler-de-kasti-cagristiriyor","status":"publish","type":"post","link":"https:\/\/www.abchukuk.com\/index.php\/2025\/09\/18\/avukat-bengu-aksemsettinoglu-kartalkaya-yangini-sirasindaki-eylemler-de-kasti-cagristiriyor\/","title":{"rendered":"Avukat Beng\u00fc Ak\u015femsettino\u011flu: Kartalkaya yang\u0131n\u0131 s\u0131ras\u0131ndaki eylemler de kast\u0131 \u00e7a\u011fr\u0131\u015ft\u0131r\u0131yor"},"content":{"rendered":"<p>Radyo Sputnik\u2019te Gazeteci G\u00fc\u00e7l\u00fc \u00d6zgan\u2019\u0131n haz\u0131rlay\u0131p sundu\u011fu Yeri ve Zaman\u0131 program\u0131nda bug\u00fcn\u00fcn konu\u011fu Bolu Kartalkaya yang\u0131n facias\u0131 avukatlar\u0131ndan Beng\u00fc Ak\u015femsettino\u011flu oldu.Radyo Sputnik\u2019te Gazeteci G\u00fc\u00e7l\u00fc \u00d6zgan\u2019\u0131n haz\u0131rlay\u0131p sundu\u011fu Yeri ve Zaman\u0131 program\u0131nda bug\u00fcn\u00fcn konu\u011fu Bolu Kartalkaya yang\u0131n facias\u0131 avukatlar\u0131ndan Beng\u00fc Ak\u015femsettino\u011flu oldu.\u00a0<a href=\"https:\/\/anlatilaninotesi.com.tr\/20250918\/avukat-bengu-aksemsettinoglu-kartalkaya-yangini-sirasindaki-eylemler-de-kasti-cagristiriyor-1099470845.html\" target=\"_blank\" class=\"feedzy-rss-link-icon\">Read More<\/a><\/p>","protected":false},"excerpt":{"rendered":"<p>Radyo Sputnik\u2019te Gazeteci G\u00fc\u00e7l\u00fc \u00d6zgan\u2019\u0131n haz\u0131rlay\u0131p sundu\u011fu Yeri ve Zaman\u0131 program\u0131nda bug\u00fcn\u00fcn konu\u011fu Bolu Kartalkaya yang\u0131n facias\u0131 avukatlar\u0131ndan Beng\u00fc Ak\u015femsettino\u011flu oldu.Radyo Sputnik\u2019te Gazeteci G\u00fc\u00e7l\u00fc \u00d6zgan\u2019\u0131n haz\u0131rlay\u0131p sundu\u011fu Yeri ve Zaman\u0131 program\u0131nda bug\u00fcn\u00fcn konu\u011fu Bolu Kartalkaya yang\u0131n facias\u0131 avukatlar\u0131ndan Beng\u00fc Ak\u015femsettino\u011flu oldu.\u00a0Read More<\/p>\n","protected":false},"author":1,"featured_media":0,"comment_status":"open","ping_status":"open","sticky":false,"template":"","format":"standard","meta":{"footnotes":"","_links_to":"","_links_to_target":""},"categories":[1],"tags":[],"class_list":["post-5622","post","type-post","status-publish","format-standard","hentry","category-haberler"],"_links":{"self":[{"href":"https:\/\/www.abchukuk.com\/index.php\/wp-json\/wp\/v2\/posts\/5622","targetHints":{"allow":["GET"]}}],"collection":[{"href":"https:\/\/www.abchukuk.com\/index.php\/wp-json\/wp\/v2\/posts"}],"about":[{"href":"https:\/\/www.abchukuk.com\/index.php\/wp-json\/wp\/v2\/types\/post"}],"author":[{"embeddable":true,"href":"https:\/\/www.abchukuk.com\/index.php\/wp-json\/wp\/v2\/users\/1"}],"replies":[{"embeddable":true,"href":"https:\/\/www.abchukuk.com\/index.php\/wp-json\/wp\/v2\/comments?post=5622"}],"version-history":[{"count":0,"href":"https:\/\/www.abchukuk.com\/index.php\/wp-json\/wp\/v2\/posts\/5622\/revisions"}],"wp:attachment":[{"href":"https:\/\/www.abchukuk.com\/index.php\/wp-json\/wp\/v2\/media?parent=5622"}],"wp:term":[{"taxonomy":"category","embeddable":true,"href":"https:\/\/www.abchukuk.com\/index.php\/wp-json\/wp\/v2\/categories?post=5622"},{"taxonomy":"post_tag","embeddable":true,"href":"https:\/\/www.abchukuk.com\/index.php\/wp-json\/wp\/v2\/tags?post=5622"}],"curies":[{"name":"wp","href":"https:\/\/api.w.org\/{rel}","templated":true}]}}