{"id":5618,"date":"2025-09-18T12:40:00","date_gmt":"2025-09-18T12:40:00","guid":{"rendered":"https:\/\/www.abchukuk.com\/index.php\/2025\/09\/18\/olum-oteli-davasinda-kritik-karar-bakanlik-yetkililerinin-yargilanmasina-artik-engel-yok\/"},"modified":"2025-09-18T12:40:00","modified_gmt":"2025-09-18T12:40:00","slug":"olum-oteli-davasinda-kritik-karar-bakanlik-yetkililerinin-yargilanmasina-artik-engel-yok","status":"publish","type":"post","link":"https:\/\/www.abchukuk.com\/index.php\/2025\/09\/18\/olum-oteli-davasinda-kritik-karar-bakanlik-yetkililerinin-yargilanmasina-artik-engel-yok\/","title":{"rendered":"&#8216;\u00d6l\u00fcm Oteli&#8217; Davas\u0131nda Kritik Karar! Bakanl\u0131k Yetkililerinin Yarg\u0131lanmas\u0131na Art\u0131k Engel Yok"},"content":{"rendered":"<p><a href=\"https:\/\/www.gercekgundem.com\/guncel\/olum-oteli-davasinda-kritik-karar-bakanlik-yetkililerinin-yargilanmasina-artik-engel-yok-555892\"><br \/>\n                                                            <img decoding=\"async\" src=\"https:\/\/i.gercekgundem.com\/2\/150\/84\/storage\/files\/images\/2025\/09\/18\/olum-oteli-davasinda-kritik-karar-bakanlik-yetkililerinin-yargilanmasina-artik-engel-yok-wcdi.png\" width=\"150\" height=\"84\" border=\"0\" align=\"right\" \/><br \/>\n                                                    <\/a><\/p>\n<h4>T\u00fcrkiye\u2019nin y\u00fcre\u011fini yakan, 78 ki\u015fiye mezar olan Grand Kartal Otel\u2019deki yang\u0131n facias\u0131na ili\u015fkin davada yeni bir geli\u015fme ya\u015fand\u0131. Ankara 7. ve 27. \u0130dare Mahkemeleri, \u0130\u00e7i\u015fleri ile \u00c7al\u0131\u015fma ve Sosyal G\u00fcvenlik Bakanl\u0131\u011f\u0131 yetkilileri hakk\u0131nda soru\u015fturma izni verilmesi talebine kar\u015f\u0131 bakanl\u0131klar\u0131n &#8220;Z\u0131mni ret&#8221; y\u00f6n\u00fcndeki i\u015flemlerini iptal etti. Davadaki son geli\u015fme ile bakanl\u0131k yetkilerinin yarg\u0131lanmas\u0131n\u0131n \u00f6n\u00fc a\u00e7\u0131ld\u0131.<\/h4>\n<p>T\u00fcrkiye\u2019nin y\u00fcre\u011fini yakan, 78 ki\u015fiye mezar olan Grand Kartal Otel\u2019deki yang\u0131n facias\u0131na ili\u015fkin davada yeni bir geli\u015fme ya\u015fand\u0131. Ankara 7. ve 27. \u0130dare Mahkemeleri, \u0130\u00e7i\u015fleri ile \u00c7al\u0131\u015fma ve Sosyal G\u00fcvenlik Bakanl\u0131\u011f\u0131 yetkilileri hakk\u0131nda soru\u015fturma izni verilmesi talebine kar\u015f\u0131 bakanl\u0131klar\u0131n &#8220;Z\u0131mni ret&#8221; y\u00f6n\u00fcndeki i\u015flemlerini iptal etti. Davadaki son geli\u015fme ile bakanl\u0131k yetkilerinin yarg\u0131lanmas\u0131n\u0131n \u00f6n\u00fc a\u00e7\u0131ld\u0131.\u00a0<a href=\"https:\/\/www.gercekgundem.com\/guncel\/olum-oteli-davasinda-kritik-karar-bakanlik-yetkililerinin-yargilanmasina-artik-engel-yok-555892\" target=\"_blank\" class=\"feedzy-rss-link-icon\">Read More<\/a><\/p>","protected":false},"excerpt":{"rendered":"<p>T\u00fcrkiye\u2019nin y\u00fcre\u011fini yakan, 78 ki\u015fiye mezar olan Grand Kartal Otel\u2019deki yang\u0131n facias\u0131na ili\u015fkin davada yeni bir geli\u015fme ya\u015fand\u0131. Ankara 7. ve 27. \u0130dare Mahkemeleri, \u0130\u00e7i\u015fleri ile \u00c7al\u0131\u015fma ve Sosyal G\u00fcvenlik Bakanl\u0131\u011f\u0131 yetkilileri hakk\u0131nda soru\u015fturma izni verilmesi talebine kar\u015f\u0131 bakanl\u0131klar\u0131n &#8220;Z\u0131mni ret&#8221; y\u00f6n\u00fcndeki i\u015flemlerini iptal etti. Davadaki son geli\u015fme ile bakanl\u0131k yetkilerinin yarg\u0131lanmas\u0131n\u0131n \u00f6n\u00fc a\u00e7\u0131ld\u0131. T\u00fcrkiye\u2019nin [&hellip;]<\/p>\n","protected":false},"author":1,"featured_media":5619,"comment_status":"open","ping_status":"open","sticky":false,"template":"","format":"standard","meta":{"footnotes":"","_links_to":"","_links_to_target":""},"categories":[1],"tags":[],"class_list":["post-5618","post","type-post","status-publish","format-standard","has-post-thumbnail","hentry","category-haberler"],"_links":{"self":[{"href":"https:\/\/www.abchukuk.com\/index.php\/wp-json\/wp\/v2\/posts\/5618","targetHints":{"allow":["GET"]}}],"collection":[{"href":"https:\/\/www.abchukuk.com\/index.php\/wp-json\/wp\/v2\/posts"}],"about":[{"href":"https:\/\/www.abchukuk.com\/index.php\/wp-json\/wp\/v2\/types\/post"}],"author":[{"embeddable":true,"href":"https:\/\/www.abchukuk.com\/index.php\/wp-json\/wp\/v2\/users\/1"}],"replies":[{"embeddable":true,"href":"https:\/\/www.abchukuk.com\/index.php\/wp-json\/wp\/v2\/comments?post=5618"}],"version-history":[{"count":0,"href":"https:\/\/www.abchukuk.com\/index.php\/wp-json\/wp\/v2\/posts\/5618\/revisions"}],"wp:featuredmedia":[{"embeddable":true,"href":"https:\/\/www.abchukuk.com\/index.php\/wp-json\/wp\/v2\/media\/5619"}],"wp:attachment":[{"href":"https:\/\/www.abchukuk.com\/index.php\/wp-json\/wp\/v2\/media?parent=5618"}],"wp:term":[{"taxonomy":"category","embeddable":true,"href":"https:\/\/www.abchukuk.com\/index.php\/wp-json\/wp\/v2\/categories?post=5618"},{"taxonomy":"post_tag","embeddable":true,"href":"https:\/\/www.abchukuk.com\/index.php\/wp-json\/wp\/v2\/tags?post=5618"}],"curies":[{"name":"wp","href":"https:\/\/api.w.org\/{rel}","templated":true}]}}