{"id":5614,"date":"2025-09-18T12:54:00","date_gmt":"2025-09-18T12:54:00","guid":{"rendered":"https:\/\/www.abchukuk.com\/index.php\/2025\/09\/18\/son-dakika-kartalkaya-otel-yangini-faciasinda-kritik-karar-bakanlik-yetkililerinin-yargilanmasinin-onu-acildi\/"},"modified":"2025-09-18T12:54:00","modified_gmt":"2025-09-18T12:54:00","slug":"son-dakika-kartalkaya-otel-yangini-faciasinda-kritik-karar-bakanlik-yetkililerinin-yargilanmasinin-onu-acildi","status":"publish","type":"post","link":"https:\/\/www.abchukuk.com\/index.php\/2025\/09\/18\/son-dakika-kartalkaya-otel-yangini-faciasinda-kritik-karar-bakanlik-yetkililerinin-yargilanmasinin-onu-acildi\/","title":{"rendered":"Son Dakika&#8230; Kartalkaya otel yang\u0131n\u0131 facias\u0131nda kritik karar: Bakanl\u0131k yetkililerinin yarg\u0131lanmas\u0131n\u0131n \u00f6n\u00fc a\u00e7\u0131ld\u0131"},"content":{"rendered":"<p>Son dakika haberi&#8230; Ankara 7. ve 27. \u0130dare Mahkemeleri, Grand Kartal Oteli&#8217;ndeki yang\u0131n facias\u0131na ili\u015fkin, \u0130\u00e7i\u015fleri ile \u00c7al\u0131\u015fma ve Sosyal G\u00fcvenlik Bakanl\u0131\u011f\u0131 yetkilileri hakk\u0131nda soru\u015fturma izni verilmesi talebine kar\u015f\u0131 bakanl\u0131klar\u0131n &#8220;Z\u0131mni ret&#8221; y\u00f6n\u00fcndeki i\u015flemlerini iptal etti.Son dakika haberi&#8230; Ankara 7. ve 27. \u0130dare Mahkemeleri, Grand Kartal Oteli&#8217;ndeki yang\u0131n facias\u0131na ili\u015fkin, \u0130\u00e7i\u015fleri ile \u00c7al\u0131\u015fma ve Sosyal G\u00fcvenlik Bakanl\u0131\u011f\u0131 yetkilileri hakk\u0131nda soru\u015fturma izni verilmesi talebine kar\u015f\u0131 bakanl\u0131klar\u0131n &#8220;Z\u0131mni ret&#8221; y\u00f6n\u00fcndeki i\u015flemlerini iptal etti.\u00a0<a href=\"https:\/\/www.cumhuriyet.com.tr\/turkiye\/son-dakika-kartalkaya-otel-yangini-faciasinda-kritik-karar-bakanlik-yetkililerinin-yargilanmasinin-onu-acildi-2436250\" target=\"_blank\" class=\"feedzy-rss-link-icon\">Read More<\/a><\/p>","protected":false},"excerpt":{"rendered":"<p>Son dakika haberi&#8230; Ankara 7. ve 27. \u0130dare Mahkemeleri, Grand Kartal Oteli&#8217;ndeki yang\u0131n facias\u0131na ili\u015fkin, \u0130\u00e7i\u015fleri ile \u00c7al\u0131\u015fma ve Sosyal G\u00fcvenlik Bakanl\u0131\u011f\u0131 yetkilileri hakk\u0131nda soru\u015fturma izni verilmesi talebine kar\u015f\u0131 bakanl\u0131klar\u0131n &#8220;Z\u0131mni ret&#8221; y\u00f6n\u00fcndeki i\u015flemlerini iptal etti.Son dakika haberi&#8230; Ankara 7. ve 27. \u0130dare Mahkemeleri, Grand Kartal Oteli&#8217;ndeki yang\u0131n facias\u0131na ili\u015fkin, \u0130\u00e7i\u015fleri ile \u00c7al\u0131\u015fma ve Sosyal [&hellip;]<\/p>\n","protected":false},"author":1,"featured_media":5615,"comment_status":"open","ping_status":"open","sticky":false,"template":"","format":"standard","meta":{"footnotes":"","_links_to":"","_links_to_target":""},"categories":[1],"tags":[],"class_list":["post-5614","post","type-post","status-publish","format-standard","has-post-thumbnail","hentry","category-haberler"],"_links":{"self":[{"href":"https:\/\/www.abchukuk.com\/index.php\/wp-json\/wp\/v2\/posts\/5614","targetHints":{"allow":["GET"]}}],"collection":[{"href":"https:\/\/www.abchukuk.com\/index.php\/wp-json\/wp\/v2\/posts"}],"about":[{"href":"https:\/\/www.abchukuk.com\/index.php\/wp-json\/wp\/v2\/types\/post"}],"author":[{"embeddable":true,"href":"https:\/\/www.abchukuk.com\/index.php\/wp-json\/wp\/v2\/users\/1"}],"replies":[{"embeddable":true,"href":"https:\/\/www.abchukuk.com\/index.php\/wp-json\/wp\/v2\/comments?post=5614"}],"version-history":[{"count":0,"href":"https:\/\/www.abchukuk.com\/index.php\/wp-json\/wp\/v2\/posts\/5614\/revisions"}],"wp:featuredmedia":[{"embeddable":true,"href":"https:\/\/www.abchukuk.com\/index.php\/wp-json\/wp\/v2\/media\/5615"}],"wp:attachment":[{"href":"https:\/\/www.abchukuk.com\/index.php\/wp-json\/wp\/v2\/media?parent=5614"}],"wp:term":[{"taxonomy":"category","embeddable":true,"href":"https:\/\/www.abchukuk.com\/index.php\/wp-json\/wp\/v2\/categories?post=5614"},{"taxonomy":"post_tag","embeddable":true,"href":"https:\/\/www.abchukuk.com\/index.php\/wp-json\/wp\/v2\/tags?post=5614"}],"curies":[{"name":"wp","href":"https:\/\/api.w.org\/{rel}","templated":true}]}}