{"id":5613,"date":"2025-09-18T10:43:21","date_gmt":"2025-09-18T10:43:21","guid":{"rendered":"https:\/\/www.abchukuk.com\/index.php\/2025\/09\/18\/18-eylul-grevi-fransa-genelinde-230dan-fazla-protesto-en-az-58-gozalti\/"},"modified":"2025-09-18T10:43:21","modified_gmt":"2025-09-18T10:43:21","slug":"18-eylul-grevi-fransa-genelinde-230dan-fazla-protesto-en-az-58-gozalti","status":"publish","type":"post","link":"https:\/\/www.abchukuk.com\/index.php\/2025\/09\/18\/18-eylul-grevi-fransa-genelinde-230dan-fazla-protesto-en-az-58-gozalti\/","title":{"rendered":"18 Eyl\u00fcl Grevi: Fransa genelinde 230&#8217;dan fazla protesto, en az 58 g\u00f6zalt\u0131"},"content":{"rendered":"<p>Fransa, y\u00fcz binlerce ki\u015finin yeni kemer s\u0131kma \u00f6nlemlerini protesto etmesi nedeniyle \u00fclke \u00e7ap\u0131nda kesintilerle kar\u015f\u0131 kar\u015f\u0131ya. Ba\u015fl\u0131ca sendikalar, ula\u015f\u0131m ve okullar \u00fczerinde \u00f6nemli etkileri olacak eylem \u00e7a\u011fr\u0131s\u0131nda bulundu.Fransa, y\u00fcz binlerce ki\u015finin yeni kemer s\u0131kma \u00f6nlemlerini protesto etmesi nedeniyle \u00fclke \u00e7ap\u0131nda kesintilerle kar\u015f\u0131 kar\u015f\u0131ya. Ba\u015fl\u0131ca sendikalar, ula\u015f\u0131m ve okullar \u00fczerinde \u00f6nemli etkileri olacak eylem \u00e7a\u011fr\u0131s\u0131nda bulundu.\u00a0<a href=\"http:\/\/tr.euronews.com\/2025\/09\/18\/18-eylul-grevi-fransa-genelinde-en-az-58-kisi-gozaltina-alindi\" target=\"_blank\" class=\"feedzy-rss-link-icon\">Read More<\/a><\/p>","protected":false},"excerpt":{"rendered":"<p>Fransa, y\u00fcz binlerce ki\u015finin yeni kemer s\u0131kma \u00f6nlemlerini protesto etmesi nedeniyle \u00fclke \u00e7ap\u0131nda kesintilerle kar\u015f\u0131 kar\u015f\u0131ya. Ba\u015fl\u0131ca sendikalar, ula\u015f\u0131m ve okullar \u00fczerinde \u00f6nemli etkileri olacak eylem \u00e7a\u011fr\u0131s\u0131nda bulundu.Fransa, y\u00fcz binlerce ki\u015finin yeni kemer s\u0131kma \u00f6nlemlerini protesto etmesi nedeniyle \u00fclke \u00e7ap\u0131nda kesintilerle kar\u015f\u0131 kar\u015f\u0131ya. Ba\u015fl\u0131ca sendikalar, ula\u015f\u0131m ve okullar \u00fczerinde \u00f6nemli etkileri olacak eylem \u00e7a\u011fr\u0131s\u0131nda bulundu.\u00a0Read [&hellip;]<\/p>\n","protected":false},"author":1,"featured_media":0,"comment_status":"open","ping_status":"open","sticky":false,"template":"","format":"standard","meta":{"footnotes":"","_links_to":"","_links_to_target":""},"categories":[1],"tags":[],"class_list":["post-5613","post","type-post","status-publish","format-standard","hentry","category-haberler"],"_links":{"self":[{"href":"https:\/\/www.abchukuk.com\/index.php\/wp-json\/wp\/v2\/posts\/5613","targetHints":{"allow":["GET"]}}],"collection":[{"href":"https:\/\/www.abchukuk.com\/index.php\/wp-json\/wp\/v2\/posts"}],"about":[{"href":"https:\/\/www.abchukuk.com\/index.php\/wp-json\/wp\/v2\/types\/post"}],"author":[{"embeddable":true,"href":"https:\/\/www.abchukuk.com\/index.php\/wp-json\/wp\/v2\/users\/1"}],"replies":[{"embeddable":true,"href":"https:\/\/www.abchukuk.com\/index.php\/wp-json\/wp\/v2\/comments?post=5613"}],"version-history":[{"count":0,"href":"https:\/\/www.abchukuk.com\/index.php\/wp-json\/wp\/v2\/posts\/5613\/revisions"}],"wp:attachment":[{"href":"https:\/\/www.abchukuk.com\/index.php\/wp-json\/wp\/v2\/media?parent=5613"}],"wp:term":[{"taxonomy":"category","embeddable":true,"href":"https:\/\/www.abchukuk.com\/index.php\/wp-json\/wp\/v2\/categories?post=5613"},{"taxonomy":"post_tag","embeddable":true,"href":"https:\/\/www.abchukuk.com\/index.php\/wp-json\/wp\/v2\/tags?post=5613"}],"curies":[{"name":"wp","href":"https:\/\/api.w.org\/{rel}","templated":true}]}}