{"id":5611,"date":"2025-09-18T11:58:00","date_gmt":"2025-09-18T11:58:00","guid":{"rendered":"https:\/\/www.abchukuk.com\/index.php\/2025\/09\/18\/chpli-zeybek-sandikta-kazananlar-bugun-cezaevinde\/"},"modified":"2025-09-18T11:58:00","modified_gmt":"2025-09-18T11:58:00","slug":"chpli-zeybek-sandikta-kazananlar-bugun-cezaevinde","status":"publish","type":"post","link":"https:\/\/www.abchukuk.com\/index.php\/2025\/09\/18\/chpli-zeybek-sandikta-kazananlar-bugun-cezaevinde\/","title":{"rendered":"CHP&#8217;li Zeybek: &#8216;Sand\u0131kta kazananlar bug\u00fcn cezaevinde&#8217;"},"content":{"rendered":"<p>CHP Yerel Y\u00f6netimlerden Sorumlu Genel Ba\u015fkan Yard\u0131mc\u0131s\u0131 G\u00f6kan Zeybek, \u0130stanbul&#8217;da tutuklanan CHP&#8217;li belediye ba\u015fkanlar\u0131na ili\u015fkin &#8220;T\u00fcrkiye\u2019nin d\u00f6rt bir yan\u0131nda halk\u0131n oyuyla se\u00e7ilen 16 belediye ba\u015fkan\u0131m\u0131z tutukland\u0131. Sadece \u0130stanbul\u2019da 12 Belediye Ba\u015fkan\u0131m\u0131z demir parmakl\u0131klar\u0131n ard\u0131nda&#8221; dedi.CHP Yerel Y\u00f6netimlerden Sorumlu Genel Ba\u015fkan Yard\u0131mc\u0131s\u0131 G\u00f6kan Zeybek, \u0130stanbul&#8217;da tutuklanan CHP&#8217;li belediye ba\u015fkanlar\u0131na ili\u015fkin &#8220;T\u00fcrkiye\u2019nin d\u00f6rt bir yan\u0131nda halk\u0131n oyuyla se\u00e7ilen 16 belediye ba\u015fkan\u0131m\u0131z tutukland\u0131. Sadece \u0130stanbul\u2019da 12 Belediye Ba\u015fkan\u0131m\u0131z demir parmakl\u0131klar\u0131n ard\u0131nda&#8221; dedi.\u00a0<a href=\"https:\/\/www.cumhuriyet.com.tr\/siyaset\/chp-li-zeybek-sandikta-kazananlar-bugun-cezaevinde-2436232\" target=\"_blank\" class=\"feedzy-rss-link-icon\">Read More<\/a><\/p>","protected":false},"excerpt":{"rendered":"<p>CHP Yerel Y\u00f6netimlerden Sorumlu Genel Ba\u015fkan Yard\u0131mc\u0131s\u0131 G\u00f6kan Zeybek, \u0130stanbul&#8217;da tutuklanan CHP&#8217;li belediye ba\u015fkanlar\u0131na ili\u015fkin &#8220;T\u00fcrkiye\u2019nin d\u00f6rt bir yan\u0131nda halk\u0131n oyuyla se\u00e7ilen 16 belediye ba\u015fkan\u0131m\u0131z tutukland\u0131. Sadece \u0130stanbul\u2019da 12 Belediye Ba\u015fkan\u0131m\u0131z demir parmakl\u0131klar\u0131n ard\u0131nda&#8221; dedi.CHP Yerel Y\u00f6netimlerden Sorumlu Genel Ba\u015fkan Yard\u0131mc\u0131s\u0131 G\u00f6kan Zeybek, \u0130stanbul&#8217;da tutuklanan CHP&#8217;li belediye ba\u015fkanlar\u0131na ili\u015fkin &#8220;T\u00fcrkiye\u2019nin d\u00f6rt bir yan\u0131nda halk\u0131n oyuyla [&hellip;]<\/p>\n","protected":false},"author":1,"featured_media":5612,"comment_status":"open","ping_status":"open","sticky":false,"template":"","format":"standard","meta":{"footnotes":"","_links_to":"","_links_to_target":""},"categories":[1],"tags":[],"class_list":["post-5611","post","type-post","status-publish","format-standard","has-post-thumbnail","hentry","category-haberler"],"_links":{"self":[{"href":"https:\/\/www.abchukuk.com\/index.php\/wp-json\/wp\/v2\/posts\/5611","targetHints":{"allow":["GET"]}}],"collection":[{"href":"https:\/\/www.abchukuk.com\/index.php\/wp-json\/wp\/v2\/posts"}],"about":[{"href":"https:\/\/www.abchukuk.com\/index.php\/wp-json\/wp\/v2\/types\/post"}],"author":[{"embeddable":true,"href":"https:\/\/www.abchukuk.com\/index.php\/wp-json\/wp\/v2\/users\/1"}],"replies":[{"embeddable":true,"href":"https:\/\/www.abchukuk.com\/index.php\/wp-json\/wp\/v2\/comments?post=5611"}],"version-history":[{"count":0,"href":"https:\/\/www.abchukuk.com\/index.php\/wp-json\/wp\/v2\/posts\/5611\/revisions"}],"wp:featuredmedia":[{"embeddable":true,"href":"https:\/\/www.abchukuk.com\/index.php\/wp-json\/wp\/v2\/media\/5612"}],"wp:attachment":[{"href":"https:\/\/www.abchukuk.com\/index.php\/wp-json\/wp\/v2\/media?parent=5611"}],"wp:term":[{"taxonomy":"category","embeddable":true,"href":"https:\/\/www.abchukuk.com\/index.php\/wp-json\/wp\/v2\/categories?post=5611"},{"taxonomy":"post_tag","embeddable":true,"href":"https:\/\/www.abchukuk.com\/index.php\/wp-json\/wp\/v2\/tags?post=5611"}],"curies":[{"name":"wp","href":"https:\/\/api.w.org\/{rel}","templated":true}]}}