{"id":5607,"date":"2025-09-18T10:26:00","date_gmt":"2025-09-18T10:26:00","guid":{"rendered":"https:\/\/www.abchukuk.com\/index.php\/2025\/09\/18\/esini-ve-cocugunu-oldurmekten-tutuklanmisti-o-doktor-cezaevinde-intihara-kalkisti\/"},"modified":"2025-09-18T10:26:00","modified_gmt":"2025-09-18T10:26:00","slug":"esini-ve-cocugunu-oldurmekten-tutuklanmisti-o-doktor-cezaevinde-intihara-kalkisti","status":"publish","type":"post","link":"https:\/\/www.abchukuk.com\/index.php\/2025\/09\/18\/esini-ve-cocugunu-oldurmekten-tutuklanmisti-o-doktor-cezaevinde-intihara-kalkisti\/","title":{"rendered":"E\u015fini ve \u00c7ocu\u011funu \u00d6ld\u00fcrmekten Tutuklanm\u0131\u015ft\u0131! O Doktor Cezaevinde \u0130ntihara Kalk\u0131\u015ft\u0131"},"content":{"rendered":"<p><a href=\"https:\/\/www.gercekgundem.com\/guncel\/esini-ve-cocugunu-oldurmekten-tutuklanmisti-o-doktor-cezaevinde-intihara-kalkisti-555854\"><br \/>\n                                                            <img decoding=\"async\" src=\"https:\/\/i.gercekgundem.com\/2\/150\/84\/storage\/files\/images\/2025\/09\/18\/esini-ve-cocugunu-oldurmekten-tutuklanmisti-o-doktor-cezaevinde-intihara-kalkisti-znnv.jpg\" width=\"150\" height=\"84\" border=\"0\" align=\"right\" \/><br \/>\n                                                    <\/a><\/p>\n<h4>Samsun\u2019un Bafra il\u00e7esinde e\u015fi ve \u00e7ocu\u011funu K\u0131z\u0131l\u0131rmak Nehri\u2019nde &#8220;tasarlayarak kasten \u00f6ld\u00fcrme&#8221; iddias\u0131yla tutuklanan Dr. Serdar K\u0131yak&#8217;\u0131n, kald\u0131\u011f\u0131 Bafra Kapal\u0131 Cezaevinde intihara te\u015febb\u00fcs etti\u011fi \u00f6\u011frenildi.<\/h4>\n<p>Samsun\u2019un Bafra il\u00e7esinde e\u015fi ve \u00e7ocu\u011funu K\u0131z\u0131l\u0131rmak Nehri\u2019nde &#8220;tasarlayarak kasten \u00f6ld\u00fcrme&#8221; iddias\u0131yla tutuklanan Dr. Serdar K\u0131yak&#8217;\u0131n, kald\u0131\u011f\u0131 Bafra Kapal\u0131 Cezaevinde intihara te\u015febb\u00fcs etti\u011fi \u00f6\u011frenildi.\u00a0<a href=\"https:\/\/www.gercekgundem.com\/guncel\/esini-ve-cocugunu-oldurmekten-tutuklanmisti-o-doktor-cezaevinde-intihara-kalkisti-555854\" target=\"_blank\" class=\"feedzy-rss-link-icon\">Read More<\/a><\/p>","protected":false},"excerpt":{"rendered":"<p>Samsun\u2019un Bafra il\u00e7esinde e\u015fi ve \u00e7ocu\u011funu K\u0131z\u0131l\u0131rmak Nehri\u2019nde &#8220;tasarlayarak kasten \u00f6ld\u00fcrme&#8221; iddias\u0131yla tutuklanan Dr. Serdar K\u0131yak&#8217;\u0131n, kald\u0131\u011f\u0131 Bafra Kapal\u0131 Cezaevinde intihara te\u015febb\u00fcs etti\u011fi \u00f6\u011frenildi. Samsun\u2019un Bafra il\u00e7esinde e\u015fi ve \u00e7ocu\u011funu K\u0131z\u0131l\u0131rmak Nehri\u2019nde &#8220;tasarlayarak kasten \u00f6ld\u00fcrme&#8221; iddias\u0131yla tutuklanan Dr. Serdar K\u0131yak&#8217;\u0131n, kald\u0131\u011f\u0131 Bafra Kapal\u0131 Cezaevinde intihara te\u015febb\u00fcs etti\u011fi \u00f6\u011frenildi.\u00a0Read More<\/p>\n","protected":false},"author":1,"featured_media":5608,"comment_status":"open","ping_status":"open","sticky":false,"template":"","format":"standard","meta":{"footnotes":"","_links_to":"","_links_to_target":""},"categories":[1],"tags":[],"class_list":["post-5607","post","type-post","status-publish","format-standard","has-post-thumbnail","hentry","category-haberler"],"_links":{"self":[{"href":"https:\/\/www.abchukuk.com\/index.php\/wp-json\/wp\/v2\/posts\/5607","targetHints":{"allow":["GET"]}}],"collection":[{"href":"https:\/\/www.abchukuk.com\/index.php\/wp-json\/wp\/v2\/posts"}],"about":[{"href":"https:\/\/www.abchukuk.com\/index.php\/wp-json\/wp\/v2\/types\/post"}],"author":[{"embeddable":true,"href":"https:\/\/www.abchukuk.com\/index.php\/wp-json\/wp\/v2\/users\/1"}],"replies":[{"embeddable":true,"href":"https:\/\/www.abchukuk.com\/index.php\/wp-json\/wp\/v2\/comments?post=5607"}],"version-history":[{"count":0,"href":"https:\/\/www.abchukuk.com\/index.php\/wp-json\/wp\/v2\/posts\/5607\/revisions"}],"wp:featuredmedia":[{"embeddable":true,"href":"https:\/\/www.abchukuk.com\/index.php\/wp-json\/wp\/v2\/media\/5608"}],"wp:attachment":[{"href":"https:\/\/www.abchukuk.com\/index.php\/wp-json\/wp\/v2\/media?parent=5607"}],"wp:term":[{"taxonomy":"category","embeddable":true,"href":"https:\/\/www.abchukuk.com\/index.php\/wp-json\/wp\/v2\/categories?post=5607"},{"taxonomy":"post_tag","embeddable":true,"href":"https:\/\/www.abchukuk.com\/index.php\/wp-json\/wp\/v2\/tags?post=5607"}],"curies":[{"name":"wp","href":"https:\/\/api.w.org\/{rel}","templated":true}]}}