{"id":5605,"date":"2025-09-18T10:30:53","date_gmt":"2025-09-18T10:30:53","guid":{"rendered":"https:\/\/www.abchukuk.com\/index.php\/2025\/09\/18\/117-yil-hapis-cezasiyla-araniyordu-jandarma-takibiyle-yakalandi\/"},"modified":"2025-09-18T10:30:53","modified_gmt":"2025-09-18T10:30:53","slug":"117-yil-hapis-cezasiyla-araniyordu-jandarma-takibiyle-yakalandi","status":"publish","type":"post","link":"https:\/\/www.abchukuk.com\/index.php\/2025\/09\/18\/117-yil-hapis-cezasiyla-araniyordu-jandarma-takibiyle-yakalandi\/","title":{"rendered":"117 Y\u0131l Hapis Cezas\u0131yla Aran\u0131yordu, Jandarma Takibiyle Yakaland\u0131"},"content":{"rendered":"<p><a href=\"https:\/\/www.gercekgundem.com\/guncel\/117-yil-hapis-cezasiyla-araniyordu-jandarma-takibiyle-yakalandi-555857\"><br \/>\n                                                            <img decoding=\"async\" src=\"https:\/\/i.gercekgundem.com\/2\/150\/84\/storage\/files\/images\/2025\/09\/18\/117-yil-hapis-cezasiyla-araniyordu-jandarma-takibiyle-yakalandi-fu5l.jpg\" width=\"150\" height=\"84\" border=\"0\" align=\"right\" \/><br \/>\n                                                    <\/a><\/p>\n<h4>Tokat\u2019ta 38 ayr\u0131 su\u00e7tan hakk\u0131nda 117 y\u0131l 1 ay kesinle\u015fmi\u015f hapis cezas\u0131 bulunan Y.E.\u00c7., jandarman\u0131n titiz takibi sonucu yakaland\u0131. \u015eah\u0131s, i\u015flemlerinin ard\u0131ndan adli makamlara teslim edildi.<\/h4>\n<p>Tokat\u2019ta 38 ayr\u0131 su\u00e7tan hakk\u0131nda 117 y\u0131l 1 ay kesinle\u015fmi\u015f hapis cezas\u0131 bulunan Y.E.\u00c7., jandarman\u0131n titiz takibi sonucu yakaland\u0131. \u015eah\u0131s, i\u015flemlerinin ard\u0131ndan adli makamlara teslim edildi.\u00a0<a href=\"https:\/\/www.gercekgundem.com\/guncel\/117-yil-hapis-cezasiyla-araniyordu-jandarma-takibiyle-yakalandi-555857\" target=\"_blank\" class=\"feedzy-rss-link-icon\">Read More<\/a><\/p>","protected":false},"excerpt":{"rendered":"<p>Tokat\u2019ta 38 ayr\u0131 su\u00e7tan hakk\u0131nda 117 y\u0131l 1 ay kesinle\u015fmi\u015f hapis cezas\u0131 bulunan Y.E.\u00c7., jandarman\u0131n titiz takibi sonucu yakaland\u0131. \u015eah\u0131s, i\u015flemlerinin ard\u0131ndan adli makamlara teslim edildi. Tokat\u2019ta 38 ayr\u0131 su\u00e7tan hakk\u0131nda 117 y\u0131l 1 ay kesinle\u015fmi\u015f hapis cezas\u0131 bulunan Y.E.\u00c7., jandarman\u0131n titiz takibi sonucu yakaland\u0131. \u015eah\u0131s, i\u015flemlerinin ard\u0131ndan adli makamlara teslim edildi.\u00a0Read More<\/p>\n","protected":false},"author":1,"featured_media":5606,"comment_status":"open","ping_status":"open","sticky":false,"template":"","format":"standard","meta":{"footnotes":"","_links_to":"","_links_to_target":""},"categories":[1],"tags":[],"class_list":["post-5605","post","type-post","status-publish","format-standard","has-post-thumbnail","hentry","category-haberler"],"_links":{"self":[{"href":"https:\/\/www.abchukuk.com\/index.php\/wp-json\/wp\/v2\/posts\/5605","targetHints":{"allow":["GET"]}}],"collection":[{"href":"https:\/\/www.abchukuk.com\/index.php\/wp-json\/wp\/v2\/posts"}],"about":[{"href":"https:\/\/www.abchukuk.com\/index.php\/wp-json\/wp\/v2\/types\/post"}],"author":[{"embeddable":true,"href":"https:\/\/www.abchukuk.com\/index.php\/wp-json\/wp\/v2\/users\/1"}],"replies":[{"embeddable":true,"href":"https:\/\/www.abchukuk.com\/index.php\/wp-json\/wp\/v2\/comments?post=5605"}],"version-history":[{"count":0,"href":"https:\/\/www.abchukuk.com\/index.php\/wp-json\/wp\/v2\/posts\/5605\/revisions"}],"wp:featuredmedia":[{"embeddable":true,"href":"https:\/\/www.abchukuk.com\/index.php\/wp-json\/wp\/v2\/media\/5606"}],"wp:attachment":[{"href":"https:\/\/www.abchukuk.com\/index.php\/wp-json\/wp\/v2\/media?parent=5605"}],"wp:term":[{"taxonomy":"category","embeddable":true,"href":"https:\/\/www.abchukuk.com\/index.php\/wp-json\/wp\/v2\/categories?post=5605"},{"taxonomy":"post_tag","embeddable":true,"href":"https:\/\/www.abchukuk.com\/index.php\/wp-json\/wp\/v2\/tags?post=5605"}],"curies":[{"name":"wp","href":"https:\/\/api.w.org\/{rel}","templated":true}]}}