{"id":5603,"date":"2025-09-18T10:35:35","date_gmt":"2025-09-18T10:35:35","guid":{"rendered":"https:\/\/www.abchukuk.com\/index.php\/2025\/09\/18\/93-yasindaki-kadinin-supheli-olumu-celiskili-ifadeler-veren-torun-gozaltinda\/"},"modified":"2025-09-18T10:35:35","modified_gmt":"2025-09-18T10:35:35","slug":"93-yasindaki-kadinin-supheli-olumu-celiskili-ifadeler-veren-torun-gozaltinda","status":"publish","type":"post","link":"https:\/\/www.abchukuk.com\/index.php\/2025\/09\/18\/93-yasindaki-kadinin-supheli-olumu-celiskili-ifadeler-veren-torun-gozaltinda\/","title":{"rendered":"93 Ya\u015f\u0131ndaki Kad\u0131n\u0131n \u015e\u00fcpheli \u00d6l\u00fcm\u00fc: \u00c7eli\u015fkili \u0130fadeler Veren Torun G\u00f6zalt\u0131nda"},"content":{"rendered":"<p><a href=\"https:\/\/www.gercekgundem.com\/guncel\/93-yasindaki-kadinin-supheli-olumu-celiskili-ifadeler-veren-torun-gozaltinda-555859\"><br \/>\n                                                            <img decoding=\"async\" src=\"https:\/\/i.gercekgundem.com\/2\/150\/84\/storage\/files\/images\/2025\/09\/18\/93-yasindaki-kadinin-supheli-olumu-celiskili-ifadeler-veren-torun-gozaltinda-zssu.jpg\" width=\"150\" height=\"84\" border=\"0\" align=\"right\" \/><br \/>\n                                                    <\/a><\/p>\n<h4>Denizli\u2019nin Ac\u0131payam il\u00e7esinde darp izleriyle hastaneye kald\u0131r\u0131lan 93 ya\u015f\u0131ndaki Han\u0131m Ay\u015fe K\u0131z\u0131lhan kurtar\u0131lamad\u0131. \u015e\u00fcpheli \u00f6l\u00fcmle ilgili \u00e7eli\u015fkili ifadeler veren torunu O.K. g\u00f6zalt\u0131na al\u0131nd\u0131.<\/h4>\n<p>Denizli\u2019nin Ac\u0131payam il\u00e7esinde darp izleriyle hastaneye kald\u0131r\u0131lan 93 ya\u015f\u0131ndaki Han\u0131m Ay\u015fe K\u0131z\u0131lhan kurtar\u0131lamad\u0131. \u015e\u00fcpheli \u00f6l\u00fcmle ilgili \u00e7eli\u015fkili ifadeler veren torunu O.K. g\u00f6zalt\u0131na al\u0131nd\u0131.\u00a0<a href=\"https:\/\/www.gercekgundem.com\/guncel\/93-yasindaki-kadinin-supheli-olumu-celiskili-ifadeler-veren-torun-gozaltinda-555859\" target=\"_blank\" class=\"feedzy-rss-link-icon\">Read More<\/a><\/p>","protected":false},"excerpt":{"rendered":"<p>Denizli\u2019nin Ac\u0131payam il\u00e7esinde darp izleriyle hastaneye kald\u0131r\u0131lan 93 ya\u015f\u0131ndaki Han\u0131m Ay\u015fe K\u0131z\u0131lhan kurtar\u0131lamad\u0131. \u015e\u00fcpheli \u00f6l\u00fcmle ilgili \u00e7eli\u015fkili ifadeler veren torunu O.K. g\u00f6zalt\u0131na al\u0131nd\u0131. Denizli\u2019nin Ac\u0131payam il\u00e7esinde darp izleriyle hastaneye kald\u0131r\u0131lan 93 ya\u015f\u0131ndaki Han\u0131m Ay\u015fe K\u0131z\u0131lhan kurtar\u0131lamad\u0131. \u015e\u00fcpheli \u00f6l\u00fcmle ilgili \u00e7eli\u015fkili ifadeler veren torunu O.K. g\u00f6zalt\u0131na al\u0131nd\u0131.\u00a0Read More<\/p>\n","protected":false},"author":1,"featured_media":5604,"comment_status":"open","ping_status":"open","sticky":false,"template":"","format":"standard","meta":{"footnotes":"","_links_to":"","_links_to_target":""},"categories":[1],"tags":[],"class_list":["post-5603","post","type-post","status-publish","format-standard","has-post-thumbnail","hentry","category-haberler"],"_links":{"self":[{"href":"https:\/\/www.abchukuk.com\/index.php\/wp-json\/wp\/v2\/posts\/5603","targetHints":{"allow":["GET"]}}],"collection":[{"href":"https:\/\/www.abchukuk.com\/index.php\/wp-json\/wp\/v2\/posts"}],"about":[{"href":"https:\/\/www.abchukuk.com\/index.php\/wp-json\/wp\/v2\/types\/post"}],"author":[{"embeddable":true,"href":"https:\/\/www.abchukuk.com\/index.php\/wp-json\/wp\/v2\/users\/1"}],"replies":[{"embeddable":true,"href":"https:\/\/www.abchukuk.com\/index.php\/wp-json\/wp\/v2\/comments?post=5603"}],"version-history":[{"count":0,"href":"https:\/\/www.abchukuk.com\/index.php\/wp-json\/wp\/v2\/posts\/5603\/revisions"}],"wp:featuredmedia":[{"embeddable":true,"href":"https:\/\/www.abchukuk.com\/index.php\/wp-json\/wp\/v2\/media\/5604"}],"wp:attachment":[{"href":"https:\/\/www.abchukuk.com\/index.php\/wp-json\/wp\/v2\/media?parent=5603"}],"wp:term":[{"taxonomy":"category","embeddable":true,"href":"https:\/\/www.abchukuk.com\/index.php\/wp-json\/wp\/v2\/categories?post=5603"},{"taxonomy":"post_tag","embeddable":true,"href":"https:\/\/www.abchukuk.com\/index.php\/wp-json\/wp\/v2\/tags?post=5603"}],"curies":[{"name":"wp","href":"https:\/\/api.w.org\/{rel}","templated":true}]}}