{"id":5601,"date":"2025-09-18T10:55:00","date_gmt":"2025-09-18T10:55:00","guid":{"rendered":"https:\/\/www.abchukuk.com\/index.php\/2025\/09\/18\/darbedilen-93-yasindaki-kadin-oldu-torunu-gozaltina-alindi\/"},"modified":"2025-09-18T10:55:00","modified_gmt":"2025-09-18T10:55:00","slug":"darbedilen-93-yasindaki-kadin-oldu-torunu-gozaltina-alindi","status":"publish","type":"post","link":"https:\/\/www.abchukuk.com\/index.php\/2025\/09\/18\/darbedilen-93-yasindaki-kadin-oldu-torunu-gozaltina-alindi\/","title":{"rendered":"Darbedilen 93 ya\u015f\u0131ndaki kad\u0131n \u00f6ld\u00fc: Torunu g\u00f6zalt\u0131na al\u0131nd\u0131!"},"content":{"rendered":"<p>Denizli&#8217;nin Ac\u0131payam il\u00e7esinde evinde darbedilen Han\u0131m Ay\u015fe K\u0131z\u0131lhan (93) ya\u015fam\u0131n\u0131 yitirdi. Olaya ili\u015fkin babaannesini yerde yaral\u0131 ve bayg\u0131n buldu\u011fu ihbar\u0131 yap\u0131p ambulans isteyen torunu O.K. (40) jandarma taraf\u0131ndan g\u00f6zalt\u0131na al\u0131nd\u0131.Denizli&#8217;nin Ac\u0131payam il\u00e7esinde evinde darbedilen Han\u0131m Ay\u015fe K\u0131z\u0131lhan (93) ya\u015fam\u0131n\u0131 yitirdi. Olaya ili\u015fkin babaannesini yerde yaral\u0131 ve bayg\u0131n buldu\u011fu ihbar\u0131 yap\u0131p ambulans isteyen torunu O.K. (40) jandarma taraf\u0131ndan g\u00f6zalt\u0131na al\u0131nd\u0131.\u00a0<a href=\"https:\/\/www.cumhuriyet.com.tr\/turkiye\/darbedilen-93-yasindaki-kadin-oldu-torunu-gozaltina-alindi-2436211\" target=\"_blank\" class=\"feedzy-rss-link-icon\">Read More<\/a><\/p>","protected":false},"excerpt":{"rendered":"<p>Denizli&#8217;nin Ac\u0131payam il\u00e7esinde evinde darbedilen Han\u0131m Ay\u015fe K\u0131z\u0131lhan (93) ya\u015fam\u0131n\u0131 yitirdi. Olaya ili\u015fkin babaannesini yerde yaral\u0131 ve bayg\u0131n buldu\u011fu ihbar\u0131 yap\u0131p ambulans isteyen torunu O.K. (40) jandarma taraf\u0131ndan g\u00f6zalt\u0131na al\u0131nd\u0131.Denizli&#8217;nin Ac\u0131payam il\u00e7esinde evinde darbedilen Han\u0131m Ay\u015fe K\u0131z\u0131lhan (93) ya\u015fam\u0131n\u0131 yitirdi. Olaya ili\u015fkin babaannesini yerde yaral\u0131 ve bayg\u0131n buldu\u011fu ihbar\u0131 yap\u0131p ambulans isteyen torunu O.K. (40) [&hellip;]<\/p>\n","protected":false},"author":1,"featured_media":5602,"comment_status":"open","ping_status":"open","sticky":false,"template":"","format":"standard","meta":{"footnotes":"","_links_to":"","_links_to_target":""},"categories":[1],"tags":[],"class_list":["post-5601","post","type-post","status-publish","format-standard","has-post-thumbnail","hentry","category-haberler"],"_links":{"self":[{"href":"https:\/\/www.abchukuk.com\/index.php\/wp-json\/wp\/v2\/posts\/5601","targetHints":{"allow":["GET"]}}],"collection":[{"href":"https:\/\/www.abchukuk.com\/index.php\/wp-json\/wp\/v2\/posts"}],"about":[{"href":"https:\/\/www.abchukuk.com\/index.php\/wp-json\/wp\/v2\/types\/post"}],"author":[{"embeddable":true,"href":"https:\/\/www.abchukuk.com\/index.php\/wp-json\/wp\/v2\/users\/1"}],"replies":[{"embeddable":true,"href":"https:\/\/www.abchukuk.com\/index.php\/wp-json\/wp\/v2\/comments?post=5601"}],"version-history":[{"count":0,"href":"https:\/\/www.abchukuk.com\/index.php\/wp-json\/wp\/v2\/posts\/5601\/revisions"}],"wp:featuredmedia":[{"embeddable":true,"href":"https:\/\/www.abchukuk.com\/index.php\/wp-json\/wp\/v2\/media\/5602"}],"wp:attachment":[{"href":"https:\/\/www.abchukuk.com\/index.php\/wp-json\/wp\/v2\/media?parent=5601"}],"wp:term":[{"taxonomy":"category","embeddable":true,"href":"https:\/\/www.abchukuk.com\/index.php\/wp-json\/wp\/v2\/categories?post=5601"},{"taxonomy":"post_tag","embeddable":true,"href":"https:\/\/www.abchukuk.com\/index.php\/wp-json\/wp\/v2\/tags?post=5601"}],"curies":[{"name":"wp","href":"https:\/\/api.w.org\/{rel}","templated":true}]}}