{"id":5598,"date":"2025-09-18T08:23:00","date_gmt":"2025-09-18T08:23:00","guid":{"rendered":"https:\/\/www.abchukuk.com\/index.php\/2025\/09\/18\/eylulde-yarginin-gundemi-chp-kurultaylari-oldu-iste-gun-gun-yasananlar\/"},"modified":"2025-09-18T08:23:00","modified_gmt":"2025-09-18T08:23:00","slug":"eylulde-yarginin-gundemi-chp-kurultaylari-oldu-iste-gun-gun-yasananlar","status":"publish","type":"post","link":"https:\/\/www.abchukuk.com\/index.php\/2025\/09\/18\/eylulde-yarginin-gundemi-chp-kurultaylari-oldu-iste-gun-gun-yasananlar\/","title":{"rendered":"Eyl\u00fcl&#8217;de yarg\u0131n\u0131n g\u00fcndemi CHP kurultaylar\u0131 oldu: \u0130\u015fte g\u00fcn g\u00fcn ya\u015fananlar&#8230;"},"content":{"rendered":"<p>CHP\u2019nin 38. Ola\u011fan Kurultay\u0131 ile 21. Ola\u011fan\u00fcst\u00fc Kurultay\u0131\u2019n\u0131n iptali istemiyle a\u00e7\u0131lan davalar devam ederken, CHP Genel Merkezi\u2019nin 21 Eyl\u00fcl\u2019de 22. Ola\u011fan\u00fcst\u00fc Kurultay\u2019\u0131 toplama karar\u0131 yeni bir itiraz ba\u015fvurusunu beraberinde getirdi. \u00c7ankaya \u0130l\u00e7e Se\u00e7im Kurulu, kurultay itirazlar\u0131n\u0131 reddetti. CHP\u2019nin Ola\u011fan\u00fcst\u00fc Kurultay karar\u0131n\u0131n bu kez de &#8221;tam kanunsuzluk&#8221; iddias\u0131yla YSK\u2019ya ta\u015f\u0131nmas\u0131 bekleniyor.CHP\u2019nin 38. Ola\u011fan Kurultay\u0131 ile 21. Ola\u011fan\u00fcst\u00fc Kurultay\u0131\u2019n\u0131n iptali istemiyle a\u00e7\u0131lan davalar devam ederken, CHP Genel Merkezi\u2019nin 21 Eyl\u00fcl\u2019de 22. Ola\u011fan\u00fcst\u00fc Kurultay\u2019\u0131 toplama karar\u0131 yeni bir itiraz ba\u015fvurusunu beraberinde getirdi. \u00c7ankaya \u0130l\u00e7e Se\u00e7im Kurulu, kurultay itirazlar\u0131n\u0131 reddetti. CHP\u2019nin Ola\u011fan\u00fcst\u00fc Kurultay karar\u0131n\u0131n bu kez de &#8221;tam kanunsuzluk&#8221; iddias\u0131yla YSK\u2019ya ta\u015f\u0131nmas\u0131 bekleniyor.\u00a0<a href=\"https:\/\/www.cumhuriyet.com.tr\/siyaset\/eylul-de-yarginin-gundemi-chp-kurultaylari-oldu-iste-gun-gun-yasananlar-2436162\" target=\"_blank\" class=\"feedzy-rss-link-icon\">Read More<\/a><\/p>","protected":false},"excerpt":{"rendered":"<p>CHP\u2019nin 38. Ola\u011fan Kurultay\u0131 ile 21. Ola\u011fan\u00fcst\u00fc Kurultay\u0131\u2019n\u0131n iptali istemiyle a\u00e7\u0131lan davalar devam ederken, CHP Genel Merkezi\u2019nin 21 Eyl\u00fcl\u2019de 22. Ola\u011fan\u00fcst\u00fc Kurultay\u2019\u0131 toplama karar\u0131 yeni bir itiraz ba\u015fvurusunu beraberinde getirdi. \u00c7ankaya \u0130l\u00e7e Se\u00e7im Kurulu, kurultay itirazlar\u0131n\u0131 reddetti. CHP\u2019nin Ola\u011fan\u00fcst\u00fc Kurultay karar\u0131n\u0131n bu kez de &#8221;tam kanunsuzluk&#8221; iddias\u0131yla YSK\u2019ya ta\u015f\u0131nmas\u0131 bekleniyor.CHP\u2019nin 38. Ola\u011fan Kurultay\u0131 ile 21. [&hellip;]<\/p>\n","protected":false},"author":1,"featured_media":5599,"comment_status":"open","ping_status":"open","sticky":false,"template":"","format":"standard","meta":{"footnotes":"","_links_to":"","_links_to_target":""},"categories":[1],"tags":[],"class_list":["post-5598","post","type-post","status-publish","format-standard","has-post-thumbnail","hentry","category-haberler"],"_links":{"self":[{"href":"https:\/\/www.abchukuk.com\/index.php\/wp-json\/wp\/v2\/posts\/5598","targetHints":{"allow":["GET"]}}],"collection":[{"href":"https:\/\/www.abchukuk.com\/index.php\/wp-json\/wp\/v2\/posts"}],"about":[{"href":"https:\/\/www.abchukuk.com\/index.php\/wp-json\/wp\/v2\/types\/post"}],"author":[{"embeddable":true,"href":"https:\/\/www.abchukuk.com\/index.php\/wp-json\/wp\/v2\/users\/1"}],"replies":[{"embeddable":true,"href":"https:\/\/www.abchukuk.com\/index.php\/wp-json\/wp\/v2\/comments?post=5598"}],"version-history":[{"count":0,"href":"https:\/\/www.abchukuk.com\/index.php\/wp-json\/wp\/v2\/posts\/5598\/revisions"}],"wp:featuredmedia":[{"embeddable":true,"href":"https:\/\/www.abchukuk.com\/index.php\/wp-json\/wp\/v2\/media\/5599"}],"wp:attachment":[{"href":"https:\/\/www.abchukuk.com\/index.php\/wp-json\/wp\/v2\/media?parent=5598"}],"wp:term":[{"taxonomy":"category","embeddable":true,"href":"https:\/\/www.abchukuk.com\/index.php\/wp-json\/wp\/v2\/categories?post=5598"},{"taxonomy":"post_tag","embeddable":true,"href":"https:\/\/www.abchukuk.com\/index.php\/wp-json\/wp\/v2\/tags?post=5598"}],"curies":[{"name":"wp","href":"https:\/\/api.w.org\/{rel}","templated":true}]}}