{"id":5595,"date":"2025-09-18T07:16:00","date_gmt":"2025-09-18T07:16:00","guid":{"rendered":"https:\/\/www.abchukuk.com\/index.php\/2025\/09\/18\/2025-adalet-bakanligi-personel-alimi-sonuclari-aciklandi-mi-adalet-bakanligi-personel-sonuclari-nasil-ogrenilir\/"},"modified":"2025-09-18T07:16:00","modified_gmt":"2025-09-18T07:16:00","slug":"2025-adalet-bakanligi-personel-alimi-sonuclari-aciklandi-mi-adalet-bakanligi-personel-sonuclari-nasil-ogrenilir","status":"publish","type":"post","link":"https:\/\/www.abchukuk.com\/index.php\/2025\/09\/18\/2025-adalet-bakanligi-personel-alimi-sonuclari-aciklandi-mi-adalet-bakanligi-personel-sonuclari-nasil-ogrenilir\/","title":{"rendered":"2025 Adalet Bakanl\u0131\u011f\u0131 personel al\u0131m\u0131 sonu\u00e7lar\u0131 a\u00e7\u0131kland\u0131 m\u0131? Adalet Bakanl\u0131\u011f\u0131 personel sonu\u00e7lar\u0131 nas\u0131l \u00f6\u011frenilir?"},"content":{"rendered":"<p>Adalet Bakanl\u0131\u011f\u0131 \u0130nfaz Koruma Memuru (\u0130KM) personel al\u0131m\u0131 sonu\u00e7lar\u0131 i\u00e7in son dakika a\u00e7\u0131klama bekleniyor. Peki, 2025 Adalet Bakanl\u0131\u011f\u0131 personel al\u0131m\u0131 sonu\u00e7lar\u0131 a\u00e7\u0131kland\u0131 m\u0131? Adalet Bakanl\u0131\u011f\u0131 personel sonu\u00e7lar\u0131 nas\u0131l \u00f6\u011frenilir?Adalet Bakanl\u0131\u011f\u0131 \u0130nfaz Koruma Memuru (\u0130KM) personel al\u0131m\u0131 sonu\u00e7lar\u0131 i\u00e7in son dakika a\u00e7\u0131klama bekleniyor. Peki, 2025 Adalet Bakanl\u0131\u011f\u0131 personel al\u0131m\u0131 sonu\u00e7lar\u0131 a\u00e7\u0131kland\u0131 m\u0131? Adalet Bakanl\u0131\u011f\u0131 personel sonu\u00e7lar\u0131 nas\u0131l \u00f6\u011frenilir?\u00a0<a href=\"https:\/\/www.cumhuriyet.com.tr\/turkiye\/2025-adalet-bakanligi-personel-alimi-sonuclari-aciklandi-mi-adalet-bakanligi-personel-sonuclari-nasil-ogrenilir-2436135\" target=\"_blank\" class=\"feedzy-rss-link-icon\">Read More<\/a><\/p>","protected":false},"excerpt":{"rendered":"<p>Adalet Bakanl\u0131\u011f\u0131 \u0130nfaz Koruma Memuru (\u0130KM) personel al\u0131m\u0131 sonu\u00e7lar\u0131 i\u00e7in son dakika a\u00e7\u0131klama bekleniyor. Peki, 2025 Adalet Bakanl\u0131\u011f\u0131 personel al\u0131m\u0131 sonu\u00e7lar\u0131 a\u00e7\u0131kland\u0131 m\u0131? Adalet Bakanl\u0131\u011f\u0131 personel sonu\u00e7lar\u0131 nas\u0131l \u00f6\u011frenilir?Adalet Bakanl\u0131\u011f\u0131 \u0130nfaz Koruma Memuru (\u0130KM) personel al\u0131m\u0131 sonu\u00e7lar\u0131 i\u00e7in son dakika a\u00e7\u0131klama bekleniyor. Peki, 2025 Adalet Bakanl\u0131\u011f\u0131 personel al\u0131m\u0131 sonu\u00e7lar\u0131 a\u00e7\u0131kland\u0131 m\u0131? Adalet Bakanl\u0131\u011f\u0131 personel sonu\u00e7lar\u0131 [&hellip;]<\/p>\n","protected":false},"author":1,"featured_media":0,"comment_status":"open","ping_status":"open","sticky":false,"template":"","format":"standard","meta":{"footnotes":"","_links_to":"","_links_to_target":""},"categories":[1],"tags":[],"class_list":["post-5595","post","type-post","status-publish","format-standard","hentry","category-haberler"],"_links":{"self":[{"href":"https:\/\/www.abchukuk.com\/index.php\/wp-json\/wp\/v2\/posts\/5595","targetHints":{"allow":["GET"]}}],"collection":[{"href":"https:\/\/www.abchukuk.com\/index.php\/wp-json\/wp\/v2\/posts"}],"about":[{"href":"https:\/\/www.abchukuk.com\/index.php\/wp-json\/wp\/v2\/types\/post"}],"author":[{"embeddable":true,"href":"https:\/\/www.abchukuk.com\/index.php\/wp-json\/wp\/v2\/users\/1"}],"replies":[{"embeddable":true,"href":"https:\/\/www.abchukuk.com\/index.php\/wp-json\/wp\/v2\/comments?post=5595"}],"version-history":[{"count":0,"href":"https:\/\/www.abchukuk.com\/index.php\/wp-json\/wp\/v2\/posts\/5595\/revisions"}],"wp:attachment":[{"href":"https:\/\/www.abchukuk.com\/index.php\/wp-json\/wp\/v2\/media?parent=5595"}],"wp:term":[{"taxonomy":"category","embeddable":true,"href":"https:\/\/www.abchukuk.com\/index.php\/wp-json\/wp\/v2\/categories?post=5595"},{"taxonomy":"post_tag","embeddable":true,"href":"https:\/\/www.abchukuk.com\/index.php\/wp-json\/wp\/v2\/tags?post=5595"}],"curies":[{"name":"wp","href":"https:\/\/api.w.org\/{rel}","templated":true}]}}