{"id":5591,"date":"2025-09-18T06:24:52","date_gmt":"2025-09-18T06:24:52","guid":{"rendered":"https:\/\/www.abchukuk.com\/index.php\/2025\/09\/18\/canli-yayinda-bir-araya-geldiler-avukat-feyza-altunun-dilan-polata-verdigi-yanit-gundem-oldu\/"},"modified":"2025-09-18T06:24:52","modified_gmt":"2025-09-18T06:24:52","slug":"canli-yayinda-bir-araya-geldiler-avukat-feyza-altunun-dilan-polata-verdigi-yanit-gundem-oldu","status":"publish","type":"post","link":"https:\/\/www.abchukuk.com\/index.php\/2025\/09\/18\/canli-yayinda-bir-araya-geldiler-avukat-feyza-altunun-dilan-polata-verdigi-yanit-gundem-oldu\/","title":{"rendered":"Canl\u0131 yay\u0131nda bir araya geldiler: Avukat Feyza Altun&#8217;un Dilan Polat&#8217;a verdi\u011fi yan\u0131t g\u00fcndem oldu"},"content":{"rendered":"<p>Bir d\u00f6nem Dilan Polat\u2019a sert \u00e7\u0131k\u0131\u015f yapan Avukat Feyza Altun, bu kez Polat\u2019la Instagram canl\u0131 yay\u0131n\u0131nda yan yana geldi. \u0130kilinin samimiyeti sosyal medyada g\u00fcndem olurken, Polat\u2019\u0131n \u201cSen beni 2 y\u0131l \u00f6nce tan\u0131sayd\u0131n ne derdin\u201d sorusuna Altun\u2019un verdi\u011fi yan\u0131t dikkat \u00e7ekti.Bir d\u00f6nem Dilan Polat\u2019a sert \u00e7\u0131k\u0131\u015f yapan Avukat Feyza Altun, bu kez Polat\u2019la Instagram canl\u0131 yay\u0131n\u0131nda yan yana geldi. \u0130kilinin samimiyeti sosyal medyada g\u00fcndem olurken, Polat\u2019\u0131n \u201cSen beni 2 y\u0131l \u00f6nce tan\u0131sayd\u0131n ne derdin\u201d sorusuna Altun\u2019un verdi\u011fi yan\u0131t dikkat \u00e7ekti.\u00a0<a href=\"https:\/\/anlatilaninotesi.com.tr\/20250918\/canli-yayinda-bir-araya-geldiler-avukat-feyza-altunun-dilan-polata-verdigi-yanit-gundem-oldu-1099459522.html\" target=\"_blank\" class=\"feedzy-rss-link-icon\">Read More<\/a><\/p>","protected":false},"excerpt":{"rendered":"<p>Bir d\u00f6nem Dilan Polat\u2019a sert \u00e7\u0131k\u0131\u015f yapan Avukat Feyza Altun, bu kez Polat\u2019la Instagram canl\u0131 yay\u0131n\u0131nda yan yana geldi. \u0130kilinin samimiyeti sosyal medyada g\u00fcndem olurken, Polat\u2019\u0131n \u201cSen beni 2 y\u0131l \u00f6nce tan\u0131sayd\u0131n ne derdin\u201d sorusuna Altun\u2019un verdi\u011fi yan\u0131t dikkat \u00e7ekti.Bir d\u00f6nem Dilan Polat\u2019a sert \u00e7\u0131k\u0131\u015f yapan Avukat Feyza Altun, bu kez Polat\u2019la Instagram canl\u0131 yay\u0131n\u0131nda [&hellip;]<\/p>\n","protected":false},"author":1,"featured_media":0,"comment_status":"open","ping_status":"open","sticky":false,"template":"","format":"standard","meta":{"footnotes":"","_links_to":"","_links_to_target":""},"categories":[1],"tags":[],"class_list":["post-5591","post","type-post","status-publish","format-standard","hentry","category-haberler"],"_links":{"self":[{"href":"https:\/\/www.abchukuk.com\/index.php\/wp-json\/wp\/v2\/posts\/5591","targetHints":{"allow":["GET"]}}],"collection":[{"href":"https:\/\/www.abchukuk.com\/index.php\/wp-json\/wp\/v2\/posts"}],"about":[{"href":"https:\/\/www.abchukuk.com\/index.php\/wp-json\/wp\/v2\/types\/post"}],"author":[{"embeddable":true,"href":"https:\/\/www.abchukuk.com\/index.php\/wp-json\/wp\/v2\/users\/1"}],"replies":[{"embeddable":true,"href":"https:\/\/www.abchukuk.com\/index.php\/wp-json\/wp\/v2\/comments?post=5591"}],"version-history":[{"count":0,"href":"https:\/\/www.abchukuk.com\/index.php\/wp-json\/wp\/v2\/posts\/5591\/revisions"}],"wp:attachment":[{"href":"https:\/\/www.abchukuk.com\/index.php\/wp-json\/wp\/v2\/media?parent=5591"}],"wp:term":[{"taxonomy":"category","embeddable":true,"href":"https:\/\/www.abchukuk.com\/index.php\/wp-json\/wp\/v2\/categories?post=5591"},{"taxonomy":"post_tag","embeddable":true,"href":"https:\/\/www.abchukuk.com\/index.php\/wp-json\/wp\/v2\/tags?post=5591"}],"curies":[{"name":"wp","href":"https:\/\/api.w.org\/{rel}","templated":true}]}}