{"id":5583,"date":"2025-09-18T05:49:00","date_gmt":"2025-09-18T05:49:00","guid":{"rendered":"https:\/\/www.abchukuk.com\/index.php\/2025\/09\/18\/istanbulda-balkonu-coken-bina-tahliye-edildi\/"},"modified":"2025-09-18T05:49:00","modified_gmt":"2025-09-18T05:49:00","slug":"istanbulda-balkonu-coken-bina-tahliye-edildi","status":"publish","type":"post","link":"https:\/\/www.abchukuk.com\/index.php\/2025\/09\/18\/istanbulda-balkonu-coken-bina-tahliye-edildi\/","title":{"rendered":"\u0130stanbul&#8217;da balkonu \u00e7\u00f6ken bina tahliye edildi!"},"content":{"rendered":"<p>G\u00fcng\u00f6ren il\u00e7esinde 5 katl\u0131 binan\u0131n en \u00fcst kat\u0131ndaki dairenin balkonu \u00e7\u00f6kt\u00fc. Olayda \u00f6len ya da yaralanan olmazken bina zab\u0131ta ekipleri taraf\u0131nda m\u00fch\u00fcrlendi.G\u00fcng\u00f6ren il\u00e7esinde 5 katl\u0131 binan\u0131n en \u00fcst kat\u0131ndaki dairenin balkonu \u00e7\u00f6kt\u00fc. Olayda \u00f6len ya da yaralanan olmazken bina zab\u0131ta ekipleri taraf\u0131nda m\u00fch\u00fcrlendi.\u00a0<a href=\"https:\/\/www.cumhuriyet.com.tr\/turkiye\/istanbul-da-balkonu-coken-bina-tahliye-edildi-2436099\" target=\"_blank\" class=\"feedzy-rss-link-icon\">Read More<\/a><\/p>","protected":false},"excerpt":{"rendered":"<p>G\u00fcng\u00f6ren il\u00e7esinde 5 katl\u0131 binan\u0131n en \u00fcst kat\u0131ndaki dairenin balkonu \u00e7\u00f6kt\u00fc. Olayda \u00f6len ya da yaralanan olmazken bina zab\u0131ta ekipleri taraf\u0131nda m\u00fch\u00fcrlendi.G\u00fcng\u00f6ren il\u00e7esinde 5 katl\u0131 binan\u0131n en \u00fcst kat\u0131ndaki dairenin balkonu \u00e7\u00f6kt\u00fc. Olayda \u00f6len ya da yaralanan olmazken bina zab\u0131ta ekipleri taraf\u0131nda m\u00fch\u00fcrlendi.\u00a0Read More<\/p>\n","protected":false},"author":1,"featured_media":5584,"comment_status":"open","ping_status":"open","sticky":false,"template":"","format":"standard","meta":{"footnotes":"","_links_to":"","_links_to_target":""},"categories":[1],"tags":[],"class_list":["post-5583","post","type-post","status-publish","format-standard","has-post-thumbnail","hentry","category-haberler"],"_links":{"self":[{"href":"https:\/\/www.abchukuk.com\/index.php\/wp-json\/wp\/v2\/posts\/5583","targetHints":{"allow":["GET"]}}],"collection":[{"href":"https:\/\/www.abchukuk.com\/index.php\/wp-json\/wp\/v2\/posts"}],"about":[{"href":"https:\/\/www.abchukuk.com\/index.php\/wp-json\/wp\/v2\/types\/post"}],"author":[{"embeddable":true,"href":"https:\/\/www.abchukuk.com\/index.php\/wp-json\/wp\/v2\/users\/1"}],"replies":[{"embeddable":true,"href":"https:\/\/www.abchukuk.com\/index.php\/wp-json\/wp\/v2\/comments?post=5583"}],"version-history":[{"count":0,"href":"https:\/\/www.abchukuk.com\/index.php\/wp-json\/wp\/v2\/posts\/5583\/revisions"}],"wp:featuredmedia":[{"embeddable":true,"href":"https:\/\/www.abchukuk.com\/index.php\/wp-json\/wp\/v2\/media\/5584"}],"wp:attachment":[{"href":"https:\/\/www.abchukuk.com\/index.php\/wp-json\/wp\/v2\/media?parent=5583"}],"wp:term":[{"taxonomy":"category","embeddable":true,"href":"https:\/\/www.abchukuk.com\/index.php\/wp-json\/wp\/v2\/categories?post=5583"},{"taxonomy":"post_tag","embeddable":true,"href":"https:\/\/www.abchukuk.com\/index.php\/wp-json\/wp\/v2\/tags?post=5583"}],"curies":[{"name":"wp","href":"https:\/\/api.w.org\/{rel}","templated":true}]}}