{"id":5582,"date":"2025-09-18T04:37:00","date_gmt":"2025-09-18T04:37:00","guid":{"rendered":"https:\/\/www.abchukuk.com\/index.php\/2025\/09\/18\/atama-ve-gorevden-alma-kararlari-resmi-gazetede-2\/"},"modified":"2025-09-18T04:37:00","modified_gmt":"2025-09-18T04:37:00","slug":"atama-ve-gorevden-alma-kararlari-resmi-gazetede-2","status":"publish","type":"post","link":"https:\/\/www.abchukuk.com\/index.php\/2025\/09\/18\/atama-ve-gorevden-alma-kararlari-resmi-gazetede-2\/","title":{"rendered":"Atama ve g\u00f6revden alma kararlar\u0131 Resmi Gazete&#8217;de"},"content":{"rendered":"<p>Cumhurba\u015fkan\u0131 Recep Tayyip Erdo\u011fan\u2019\u0131n imzas\u0131yla baz\u0131 bakanl\u0131k ve kamu kurumlar\u0131na ili\u015fkin atama ve g\u00f6revden alma kararlar\u0131 Resmi Gazete\u2019de yay\u0131mland\u0131.Cumhurba\u015fkan\u0131 Recep Tayyip Erdo\u011fan\u2019\u0131n imzas\u0131yla baz\u0131 bakanl\u0131k ve kamu kurumlar\u0131na ili\u015fkin atama ve g\u00f6revden alma kararlar\u0131 Resmi Gazete\u2019de yay\u0131mland\u0131.\u00a0<a href=\"https:\/\/www.dunya.com\/gundem\/atama-ve-gorevden-alma-kararlari-resmi-gazetede-haberi-794566\" target=\"_blank\" class=\"feedzy-rss-link-icon\">Read More<\/a><\/p>","protected":false},"excerpt":{"rendered":"<p>Cumhurba\u015fkan\u0131 Recep Tayyip Erdo\u011fan\u2019\u0131n imzas\u0131yla baz\u0131 bakanl\u0131k ve kamu kurumlar\u0131na ili\u015fkin atama ve g\u00f6revden alma kararlar\u0131 Resmi Gazete\u2019de yay\u0131mland\u0131.Cumhurba\u015fkan\u0131 Recep Tayyip Erdo\u011fan\u2019\u0131n imzas\u0131yla baz\u0131 bakanl\u0131k ve kamu kurumlar\u0131na ili\u015fkin atama ve g\u00f6revden alma kararlar\u0131 Resmi Gazete\u2019de yay\u0131mland\u0131.\u00a0Read More<\/p>\n","protected":false},"author":1,"featured_media":4735,"comment_status":"open","ping_status":"open","sticky":false,"template":"","format":"standard","meta":{"footnotes":"","_links_to":"","_links_to_target":""},"categories":[1],"tags":[],"class_list":["post-5582","post","type-post","status-publish","format-standard","has-post-thumbnail","hentry","category-haberler"],"_links":{"self":[{"href":"https:\/\/www.abchukuk.com\/index.php\/wp-json\/wp\/v2\/posts\/5582","targetHints":{"allow":["GET"]}}],"collection":[{"href":"https:\/\/www.abchukuk.com\/index.php\/wp-json\/wp\/v2\/posts"}],"about":[{"href":"https:\/\/www.abchukuk.com\/index.php\/wp-json\/wp\/v2\/types\/post"}],"author":[{"embeddable":true,"href":"https:\/\/www.abchukuk.com\/index.php\/wp-json\/wp\/v2\/users\/1"}],"replies":[{"embeddable":true,"href":"https:\/\/www.abchukuk.com\/index.php\/wp-json\/wp\/v2\/comments?post=5582"}],"version-history":[{"count":0,"href":"https:\/\/www.abchukuk.com\/index.php\/wp-json\/wp\/v2\/posts\/5582\/revisions"}],"wp:featuredmedia":[{"embeddable":true,"href":"https:\/\/www.abchukuk.com\/index.php\/wp-json\/wp\/v2\/media\/4735"}],"wp:attachment":[{"href":"https:\/\/www.abchukuk.com\/index.php\/wp-json\/wp\/v2\/media?parent=5582"}],"wp:term":[{"taxonomy":"category","embeddable":true,"href":"https:\/\/www.abchukuk.com\/index.php\/wp-json\/wp\/v2\/categories?post=5582"},{"taxonomy":"post_tag","embeddable":true,"href":"https:\/\/www.abchukuk.com\/index.php\/wp-json\/wp\/v2\/tags?post=5582"}],"curies":[{"name":"wp","href":"https:\/\/api.w.org\/{rel}","templated":true}]}}