{"id":5579,"date":"2025-09-18T01:00:00","date_gmt":"2025-09-18T01:00:00","guid":{"rendered":"https:\/\/www.abchukuk.com\/index.php\/2025\/09\/18\/kres-havuzunda-hayatini-kaybeden-minik-berranin-ailesi-adalet-istiyor-tutuklu-yargilansinlar\/"},"modified":"2025-09-18T01:00:00","modified_gmt":"2025-09-18T01:00:00","slug":"kres-havuzunda-hayatini-kaybeden-minik-berranin-ailesi-adalet-istiyor-tutuklu-yargilansinlar","status":"publish","type":"post","link":"https:\/\/www.abchukuk.com\/index.php\/2025\/09\/18\/kres-havuzunda-hayatini-kaybeden-minik-berranin-ailesi-adalet-istiyor-tutuklu-yargilansinlar\/","title":{"rendered":"Kre\u015f havuzunda hayat\u0131n\u0131 kaybeden minik Berra&#8217;n\u0131n ailesi adalet istiyor: &#8216;Tutuklu yarg\u0131lans\u0131nlar&#8217;"},"content":{"rendered":"<p>Bursa&#8217;n\u0131n \u0130neg\u00f6l il\u00e7esinde ge\u00e7ti\u011fimiz ay kre\u015fte hayat\u0131n\u0131 kaybeden 4 ya\u015f\u0131ndaki Berra Dizi&#8217;nin ailesi, olayda kre\u015fin ihmali oldu\u011funu savunuyor. Cumhuriyet\u2019e konu\u015fan ac\u0131l\u0131 baba \u0130smail Dizi, \u201cBenim \u00e7ocu\u011fum \u00fc\u00e7 ki\u015finin g\u00f6z\u00fc \u00f6n\u00fcnde \u00f6ld\u00fc, hala sokakta geziyorlar. Tutuklu yarg\u0131lanmalar\u0131n\u0131 talep ediyoruz\u201d dedi.Bursa&#8217;n\u0131n \u0130neg\u00f6l il\u00e7esinde ge\u00e7ti\u011fimiz ay kre\u015fte hayat\u0131n\u0131 kaybeden 4 ya\u015f\u0131ndaki Berra Dizi&#8217;nin ailesi, olayda kre\u015fin ihmali oldu\u011funu savunuyor. Cumhuriyet\u2019e konu\u015fan ac\u0131l\u0131 baba \u0130smail Dizi, \u201cBenim \u00e7ocu\u011fum \u00fc\u00e7 ki\u015finin g\u00f6z\u00fc \u00f6n\u00fcnde \u00f6ld\u00fc, hala sokakta geziyorlar. Tutuklu yarg\u0131lanmalar\u0131n\u0131 talep ediyoruz\u201d dedi.\u00a0<a href=\"https:\/\/www.cumhuriyet.com.tr\/turkiye\/kres-havuzunda-hayatini-kaybeden-minik-berra-nin-ailesi-adalet-istiyor-tutuklu-yargilansinlar-2436043\" target=\"_blank\" class=\"feedzy-rss-link-icon\">Read More<\/a><\/p>","protected":false},"excerpt":{"rendered":"<p>Bursa&#8217;n\u0131n \u0130neg\u00f6l il\u00e7esinde ge\u00e7ti\u011fimiz ay kre\u015fte hayat\u0131n\u0131 kaybeden 4 ya\u015f\u0131ndaki Berra Dizi&#8217;nin ailesi, olayda kre\u015fin ihmali oldu\u011funu savunuyor. Cumhuriyet\u2019e konu\u015fan ac\u0131l\u0131 baba \u0130smail Dizi, \u201cBenim \u00e7ocu\u011fum \u00fc\u00e7 ki\u015finin g\u00f6z\u00fc \u00f6n\u00fcnde \u00f6ld\u00fc, hala sokakta geziyorlar. Tutuklu yarg\u0131lanmalar\u0131n\u0131 talep ediyoruz\u201d dedi.Bursa&#8217;n\u0131n \u0130neg\u00f6l il\u00e7esinde ge\u00e7ti\u011fimiz ay kre\u015fte hayat\u0131n\u0131 kaybeden 4 ya\u015f\u0131ndaki Berra Dizi&#8217;nin ailesi, olayda kre\u015fin ihmali oldu\u011funu [&hellip;]<\/p>\n","protected":false},"author":1,"featured_media":5580,"comment_status":"open","ping_status":"open","sticky":false,"template":"","format":"standard","meta":{"footnotes":"","_links_to":"","_links_to_target":""},"categories":[1],"tags":[],"class_list":["post-5579","post","type-post","status-publish","format-standard","has-post-thumbnail","hentry","category-haberler"],"_links":{"self":[{"href":"https:\/\/www.abchukuk.com\/index.php\/wp-json\/wp\/v2\/posts\/5579","targetHints":{"allow":["GET"]}}],"collection":[{"href":"https:\/\/www.abchukuk.com\/index.php\/wp-json\/wp\/v2\/posts"}],"about":[{"href":"https:\/\/www.abchukuk.com\/index.php\/wp-json\/wp\/v2\/types\/post"}],"author":[{"embeddable":true,"href":"https:\/\/www.abchukuk.com\/index.php\/wp-json\/wp\/v2\/users\/1"}],"replies":[{"embeddable":true,"href":"https:\/\/www.abchukuk.com\/index.php\/wp-json\/wp\/v2\/comments?post=5579"}],"version-history":[{"count":0,"href":"https:\/\/www.abchukuk.com\/index.php\/wp-json\/wp\/v2\/posts\/5579\/revisions"}],"wp:featuredmedia":[{"embeddable":true,"href":"https:\/\/www.abchukuk.com\/index.php\/wp-json\/wp\/v2\/media\/5580"}],"wp:attachment":[{"href":"https:\/\/www.abchukuk.com\/index.php\/wp-json\/wp\/v2\/media?parent=5579"}],"wp:term":[{"taxonomy":"category","embeddable":true,"href":"https:\/\/www.abchukuk.com\/index.php\/wp-json\/wp\/v2\/categories?post=5579"},{"taxonomy":"post_tag","embeddable":true,"href":"https:\/\/www.abchukuk.com\/index.php\/wp-json\/wp\/v2\/tags?post=5579"}],"curies":[{"name":"wp","href":"https:\/\/api.w.org\/{rel}","templated":true}]}}