{"id":5568,"date":"2025-09-17T23:09:58","date_gmt":"2025-09-17T23:09:58","guid":{"rendered":"https:\/\/www.abchukuk.com\/index.php\/2025\/09\/17\/akademisyenlerden-meclise-toplumsal-baris-icin-oneriler-guclu-siyasi-irade-sabir-hukuki-guvence\/"},"modified":"2025-09-17T23:09:58","modified_gmt":"2025-09-17T23:09:58","slug":"akademisyenlerden-meclise-toplumsal-baris-icin-oneriler-guclu-siyasi-irade-sabir-hukuki-guvence","status":"publish","type":"post","link":"https:\/\/www.abchukuk.com\/index.php\/2025\/09\/17\/akademisyenlerden-meclise-toplumsal-baris-icin-oneriler-guclu-siyasi-irade-sabir-hukuki-guvence\/","title":{"rendered":"Akademisyenlerden Meclis&#8217;e toplumsal bar\u0131\u015f i\u00e7in \u00f6neriler: G\u00fc\u00e7l\u00fc siyasi irade, sab\u0131r, hukuki g\u00fcvence"},"content":{"rendered":"<p>PKK&#8217;n\u0131n fesih ve silah b\u0131rakma karar\u0131n\u0131n ard\u0131ndan kurulan TBMM Milli Dayan\u0131\u015fma, Karde\u015flik ve Demokrasi Komisyonu, 10. toplant\u0131s\u0131nda, &#8220;\u00e7at\u0131\u015fma \u00e7\u00f6z\u00fcm\u00fc&#8221; alan\u0131nda \u00e7al\u0131\u015fma yapan akademisyen ve uzmanlar\u0131 dinledi. D\u00fcnyadaki \u00e7at\u0131\u015fma s\u00fcre\u00e7lerinin \u00e7\u00f6z\u00fcm\u00fcne ili\u015fkin \u00f6rnekleri anlatan akademisyen ve uzmanlar, T\u00fcrkiye&#8217;de at\u0131lmas\u0131 gereken ad\u0131mlar ve yasal altyap\u0131 konusunda da bir anlamda yol haritas\u0131 sundu.PKK&#8217;n\u0131n fesih ve silah b\u0131rakma karar\u0131n\u0131n ard\u0131ndan kurulan TBMM Milli Dayan\u0131\u015fma, Karde\u015flik ve Demokrasi Komisyonu, 10. toplant\u0131s\u0131nda, &#8220;\u00e7at\u0131\u015fma \u00e7\u00f6z\u00fcm\u00fc&#8221; alan\u0131nda \u00e7al\u0131\u015fma yapan akademisyen ve uzmanlar\u0131 dinledi. D\u00fcnyadaki \u00e7at\u0131\u015fma s\u00fcre\u00e7lerinin \u00e7\u00f6z\u00fcm\u00fcne ili\u015fkin \u00f6rnekleri anlatan akademisyen ve uzmanlar, T\u00fcrkiye&#8217;de at\u0131lmas\u0131 gereken ad\u0131mlar ve yasal altyap\u0131 konusunda da bir anlamda yol haritas\u0131 sundu.\u00a0<a href=\"https:\/\/www.bbc.com\/turkce\/articles\/cz69gn8z78go?at_medium=RSS&amp;at_campaign=rss\" target=\"_blank\" class=\"feedzy-rss-link-icon\">Read More<\/a><\/p>","protected":false},"excerpt":{"rendered":"<p>PKK&#8217;n\u0131n fesih ve silah b\u0131rakma karar\u0131n\u0131n ard\u0131ndan kurulan TBMM Milli Dayan\u0131\u015fma, Karde\u015flik ve Demokrasi Komisyonu, 10. toplant\u0131s\u0131nda, &#8220;\u00e7at\u0131\u015fma \u00e7\u00f6z\u00fcm\u00fc&#8221; alan\u0131nda \u00e7al\u0131\u015fma yapan akademisyen ve uzmanlar\u0131 dinledi. D\u00fcnyadaki \u00e7at\u0131\u015fma s\u00fcre\u00e7lerinin \u00e7\u00f6z\u00fcm\u00fcne ili\u015fkin \u00f6rnekleri anlatan akademisyen ve uzmanlar, T\u00fcrkiye&#8217;de at\u0131lmas\u0131 gereken ad\u0131mlar ve yasal altyap\u0131 konusunda da bir anlamda yol haritas\u0131 sundu.PKK&#8217;n\u0131n fesih ve silah b\u0131rakma karar\u0131n\u0131n [&hellip;]<\/p>\n","protected":false},"author":1,"featured_media":5569,"comment_status":"open","ping_status":"open","sticky":false,"template":"","format":"standard","meta":{"footnotes":"","_links_to":"","_links_to_target":""},"categories":[1],"tags":[],"class_list":["post-5568","post","type-post","status-publish","format-standard","has-post-thumbnail","hentry","category-haberler"],"_links":{"self":[{"href":"https:\/\/www.abchukuk.com\/index.php\/wp-json\/wp\/v2\/posts\/5568","targetHints":{"allow":["GET"]}}],"collection":[{"href":"https:\/\/www.abchukuk.com\/index.php\/wp-json\/wp\/v2\/posts"}],"about":[{"href":"https:\/\/www.abchukuk.com\/index.php\/wp-json\/wp\/v2\/types\/post"}],"author":[{"embeddable":true,"href":"https:\/\/www.abchukuk.com\/index.php\/wp-json\/wp\/v2\/users\/1"}],"replies":[{"embeddable":true,"href":"https:\/\/www.abchukuk.com\/index.php\/wp-json\/wp\/v2\/comments?post=5568"}],"version-history":[{"count":0,"href":"https:\/\/www.abchukuk.com\/index.php\/wp-json\/wp\/v2\/posts\/5568\/revisions"}],"wp:featuredmedia":[{"embeddable":true,"href":"https:\/\/www.abchukuk.com\/index.php\/wp-json\/wp\/v2\/media\/5569"}],"wp:attachment":[{"href":"https:\/\/www.abchukuk.com\/index.php\/wp-json\/wp\/v2\/media?parent=5568"}],"wp:term":[{"taxonomy":"category","embeddable":true,"href":"https:\/\/www.abchukuk.com\/index.php\/wp-json\/wp\/v2\/categories?post=5568"},{"taxonomy":"post_tag","embeddable":true,"href":"https:\/\/www.abchukuk.com\/index.php\/wp-json\/wp\/v2\/tags?post=5568"}],"curies":[{"name":"wp","href":"https:\/\/api.w.org\/{rel}","templated":true}]}}