{"id":5567,"date":"2025-09-17T15:56:00","date_gmt":"2025-09-17T15:56:00","guid":{"rendered":"https:\/\/www.abchukuk.com\/index.php\/2025\/09\/17\/leman-iddianamesi-kabul-edildi-savcilik-tahliye-istedi-ama-2\/"},"modified":"2025-09-17T15:56:00","modified_gmt":"2025-09-17T15:56:00","slug":"leman-iddianamesi-kabul-edildi-savcilik-tahliye-istedi-ama-2","status":"publish","type":"post","link":"https:\/\/www.abchukuk.com\/index.php\/2025\/09\/17\/leman-iddianamesi-kabul-edildi-savcilik-tahliye-istedi-ama-2\/","title":{"rendered":"&#8216;Leman&#8217; \u0130ddianamesi Kabul Edildi! Savc\u0131l\u0131k Tahliye \u0130stedi Ama&#8230;"},"content":{"rendered":"<p><a href=\"https:\/\/www.gercekgundem.com\/guncel\/leman-iddianamesi-kabul-edildi-savcilikk-tahliye-istedi-ama-555767\"><br \/>\n                                                            <img decoding=\"async\" src=\"https:\/\/i.gercekgundem.com\/2\/150\/84\/storage\/files\/images\/2025\/09\/17\/leman-iddianamesi-kabul-edildi-savcilik-tahliye-istedi-ama-vchd.png\" width=\"150\" height=\"84\" border=\"0\" align=\"right\" \/><br \/>\n                                                    <\/a><\/p>\n<h4>Leman dergisine y\u00f6nelik soru\u015fturmada, iddianame \u0130stanbul 2. Asliye Ceza Mahkemesi taraf\u0131ndan kabul edildi. Savc\u0131l\u0131k tahliye talep ederken, mahkeme tutukluluk halinin devam\u0131na karar verdi.<\/h4>\n<p>Leman dergisine y\u00f6nelik soru\u015fturmada, iddianame \u0130stanbul 2. Asliye Ceza Mahkemesi taraf\u0131ndan kabul edildi. Savc\u0131l\u0131k tahliye talep ederken, mahkeme tutukluluk halinin devam\u0131na karar verdi.\u00a0<a href=\"https:\/\/www.gercekgundem.com\/guncel\/leman-iddianamesi-kabul-edildi-savcilikk-tahliye-istedi-ama-555767\" target=\"_blank\" class=\"feedzy-rss-link-icon\">Read More<\/a><\/p>","protected":false},"excerpt":{"rendered":"<p>Leman dergisine y\u00f6nelik soru\u015fturmada, iddianame \u0130stanbul 2. Asliye Ceza Mahkemesi taraf\u0131ndan kabul edildi. Savc\u0131l\u0131k tahliye talep ederken, mahkeme tutukluluk halinin devam\u0131na karar verdi. Leman dergisine y\u00f6nelik soru\u015fturmada, iddianame \u0130stanbul 2. Asliye Ceza Mahkemesi taraf\u0131ndan kabul edildi. Savc\u0131l\u0131k tahliye talep ederken, mahkeme tutukluluk halinin devam\u0131na karar verdi.\u00a0Read More<\/p>\n","protected":false},"author":1,"featured_media":5542,"comment_status":"open","ping_status":"open","sticky":false,"template":"","format":"standard","meta":{"footnotes":"","_links_to":"","_links_to_target":""},"categories":[1],"tags":[],"class_list":["post-5567","post","type-post","status-publish","format-standard","has-post-thumbnail","hentry","category-haberler"],"_links":{"self":[{"href":"https:\/\/www.abchukuk.com\/index.php\/wp-json\/wp\/v2\/posts\/5567","targetHints":{"allow":["GET"]}}],"collection":[{"href":"https:\/\/www.abchukuk.com\/index.php\/wp-json\/wp\/v2\/posts"}],"about":[{"href":"https:\/\/www.abchukuk.com\/index.php\/wp-json\/wp\/v2\/types\/post"}],"author":[{"embeddable":true,"href":"https:\/\/www.abchukuk.com\/index.php\/wp-json\/wp\/v2\/users\/1"}],"replies":[{"embeddable":true,"href":"https:\/\/www.abchukuk.com\/index.php\/wp-json\/wp\/v2\/comments?post=5567"}],"version-history":[{"count":0,"href":"https:\/\/www.abchukuk.com\/index.php\/wp-json\/wp\/v2\/posts\/5567\/revisions"}],"wp:featuredmedia":[{"embeddable":true,"href":"https:\/\/www.abchukuk.com\/index.php\/wp-json\/wp\/v2\/media\/5542"}],"wp:attachment":[{"href":"https:\/\/www.abchukuk.com\/index.php\/wp-json\/wp\/v2\/media?parent=5567"}],"wp:term":[{"taxonomy":"category","embeddable":true,"href":"https:\/\/www.abchukuk.com\/index.php\/wp-json\/wp\/v2\/categories?post=5567"},{"taxonomy":"post_tag","embeddable":true,"href":"https:\/\/www.abchukuk.com\/index.php\/wp-json\/wp\/v2\/tags?post=5567"}],"curies":[{"name":"wp","href":"https:\/\/api.w.org\/{rel}","templated":true}]}}