{"id":5565,"date":"2025-09-17T20:52:49","date_gmt":"2025-09-17T20:52:49","guid":{"rendered":"https:\/\/www.abchukuk.com\/index.php\/2025\/09\/17\/starmerin-gocmen-iade-plani-yargic-karariyla-sekteye-ugradi\/"},"modified":"2025-09-17T20:52:49","modified_gmt":"2025-09-17T20:52:49","slug":"starmerin-gocmen-iade-plani-yargic-karariyla-sekteye-ugradi","status":"publish","type":"post","link":"https:\/\/www.abchukuk.com\/index.php\/2025\/09\/17\/starmerin-gocmen-iade-plani-yargic-karariyla-sekteye-ugradi\/","title":{"rendered":"Starmer\u2019\u0131n g\u00f6\u00e7men iade plan\u0131 yarg\u0131\u00e7 karar\u0131yla sekteye u\u011frad\u0131"},"content":{"rendered":"<p>Bir \u0130ngiliz yarg\u0131\u00e7, Man\u015f Kanal\u0131\u2019n\u0131 ge\u00e7erek gelen bir s\u0131\u011f\u0131nmac\u0131n\u0131n Fransa\u2019ya geri g\u00f6nderilmesini ge\u00e7ici olarak engelledi ve Londra ile Paris aras\u0131ndaki anla\u015fma uyar\u0131nca yap\u0131lacak ilk s\u0131n\u0131r d\u0131\u015f\u0131 i\u015flemini erteledi.Bir \u0130ngiliz yarg\u0131\u00e7, Man\u015f Kanal\u0131\u2019n\u0131 ge\u00e7erek gelen bir s\u0131\u011f\u0131nmac\u0131n\u0131n Fransa\u2019ya geri g\u00f6nderilmesini ge\u00e7ici olarak engelledi ve Londra ile Paris aras\u0131ndaki anla\u015fma uyar\u0131nca yap\u0131lacak ilk s\u0131n\u0131r d\u0131\u015f\u0131 i\u015flemini erteledi.\u00a0<a href=\"http:\/\/tr.euronews.com\/2025\/09\/17\/starmerin-gocmen-iade-plani-yargic-karariyla-sekteye-ugradi\" target=\"_blank\" class=\"feedzy-rss-link-icon\">Read More<\/a><\/p>","protected":false},"excerpt":{"rendered":"<p>Bir \u0130ngiliz yarg\u0131\u00e7, Man\u015f Kanal\u0131\u2019n\u0131 ge\u00e7erek gelen bir s\u0131\u011f\u0131nmac\u0131n\u0131n Fransa\u2019ya geri g\u00f6nderilmesini ge\u00e7ici olarak engelledi ve Londra ile Paris aras\u0131ndaki anla\u015fma uyar\u0131nca yap\u0131lacak ilk s\u0131n\u0131r d\u0131\u015f\u0131 i\u015flemini erteledi.Bir \u0130ngiliz yarg\u0131\u00e7, Man\u015f Kanal\u0131\u2019n\u0131 ge\u00e7erek gelen bir s\u0131\u011f\u0131nmac\u0131n\u0131n Fransa\u2019ya geri g\u00f6nderilmesini ge\u00e7ici olarak engelledi ve Londra ile Paris aras\u0131ndaki anla\u015fma uyar\u0131nca yap\u0131lacak ilk s\u0131n\u0131r d\u0131\u015f\u0131 i\u015flemini erteledi.\u00a0Read [&hellip;]<\/p>\n","protected":false},"author":1,"featured_media":0,"comment_status":"open","ping_status":"open","sticky":false,"template":"","format":"standard","meta":{"footnotes":"","_links_to":"","_links_to_target":""},"categories":[1],"tags":[],"class_list":["post-5565","post","type-post","status-publish","format-standard","hentry","category-haberler"],"_links":{"self":[{"href":"https:\/\/www.abchukuk.com\/index.php\/wp-json\/wp\/v2\/posts\/5565","targetHints":{"allow":["GET"]}}],"collection":[{"href":"https:\/\/www.abchukuk.com\/index.php\/wp-json\/wp\/v2\/posts"}],"about":[{"href":"https:\/\/www.abchukuk.com\/index.php\/wp-json\/wp\/v2\/types\/post"}],"author":[{"embeddable":true,"href":"https:\/\/www.abchukuk.com\/index.php\/wp-json\/wp\/v2\/users\/1"}],"replies":[{"embeddable":true,"href":"https:\/\/www.abchukuk.com\/index.php\/wp-json\/wp\/v2\/comments?post=5565"}],"version-history":[{"count":0,"href":"https:\/\/www.abchukuk.com\/index.php\/wp-json\/wp\/v2\/posts\/5565\/revisions"}],"wp:attachment":[{"href":"https:\/\/www.abchukuk.com\/index.php\/wp-json\/wp\/v2\/media?parent=5565"}],"wp:term":[{"taxonomy":"category","embeddable":true,"href":"https:\/\/www.abchukuk.com\/index.php\/wp-json\/wp\/v2\/categories?post=5565"},{"taxonomy":"post_tag","embeddable":true,"href":"https:\/\/www.abchukuk.com\/index.php\/wp-json\/wp\/v2\/tags?post=5565"}],"curies":[{"name":"wp","href":"https:\/\/api.w.org\/{rel}","templated":true}]}}