{"id":5545,"date":"2025-09-17T21:33:00","date_gmt":"2025-09-17T21:33:00","guid":{"rendered":"https:\/\/www.abchukuk.com\/index.php\/2025\/09\/17\/resmi-gazetede-yayimlandi-diyanette-ali-erbas-devri-bitti-atanan-baskan-belli-oldu\/"},"modified":"2025-09-17T21:33:00","modified_gmt":"2025-09-17T21:33:00","slug":"resmi-gazetede-yayimlandi-diyanette-ali-erbas-devri-bitti-atanan-baskan-belli-oldu","status":"publish","type":"post","link":"https:\/\/www.abchukuk.com\/index.php\/2025\/09\/17\/resmi-gazetede-yayimlandi-diyanette-ali-erbas-devri-bitti-atanan-baskan-belli-oldu\/","title":{"rendered":"Resmi Gazete&#8217;de yay\u0131mland\u0131&#8230; Diyanet&#8217;te Ali Erba\u015f devri bitti: Atanan ba\u015fkan belli oldu"},"content":{"rendered":"<p>Resmi Gazete&#8217;de yay\u0131mlanan atama karar\u0131na g\u00f6re, Diyanet \u0130\u015fleri Ba\u015fkanl\u0131\u011f\u0131&#8217;nda Ali Erba\u015f d\u00f6nemi sona erdi. Ba\u015fkanl\u0131\u011fa, \u0130stanbul \u0130l M\u00fcft\u00fcs\u00fc Prof. Dr. Safi Arpagu\u015f atand\u0131.Resmi Gazete&#8217;de yay\u0131mlanan atama karar\u0131na g\u00f6re, Diyanet \u0130\u015fleri Ba\u015fkanl\u0131\u011f\u0131&#8217;nda Ali Erba\u015f d\u00f6nemi sona erdi. Ba\u015fkanl\u0131\u011fa, \u0130stanbul \u0130l M\u00fcft\u00fcs\u00fc Prof. Dr. Safi Arpagu\u015f atand\u0131.\u00a0<a href=\"https:\/\/www.cumhuriyet.com.tr\/turkiye\/resmi-gazete-de-yayimlandi-diyanet-te-ali-erbas-devri-bitti-atanan-baskan-belli-oldu-2436077\" target=\"_blank\" class=\"feedzy-rss-link-icon\">Read More<\/a><\/p>","protected":false},"excerpt":{"rendered":"<p>Resmi Gazete&#8217;de yay\u0131mlanan atama karar\u0131na g\u00f6re, Diyanet \u0130\u015fleri Ba\u015fkanl\u0131\u011f\u0131&#8217;nda Ali Erba\u015f d\u00f6nemi sona erdi. Ba\u015fkanl\u0131\u011fa, \u0130stanbul \u0130l M\u00fcft\u00fcs\u00fc Prof. Dr. Safi Arpagu\u015f atand\u0131.Resmi Gazete&#8217;de yay\u0131mlanan atama karar\u0131na g\u00f6re, Diyanet \u0130\u015fleri Ba\u015fkanl\u0131\u011f\u0131&#8217;nda Ali Erba\u015f d\u00f6nemi sona erdi. Ba\u015fkanl\u0131\u011fa, \u0130stanbul \u0130l M\u00fcft\u00fcs\u00fc Prof. Dr. Safi Arpagu\u015f atand\u0131.\u00a0Read More<\/p>\n","protected":false},"author":1,"featured_media":5546,"comment_status":"open","ping_status":"open","sticky":false,"template":"","format":"standard","meta":{"footnotes":"","_links_to":"","_links_to_target":""},"categories":[1],"tags":[],"class_list":["post-5545","post","type-post","status-publish","format-standard","has-post-thumbnail","hentry","category-haberler"],"_links":{"self":[{"href":"https:\/\/www.abchukuk.com\/index.php\/wp-json\/wp\/v2\/posts\/5545","targetHints":{"allow":["GET"]}}],"collection":[{"href":"https:\/\/www.abchukuk.com\/index.php\/wp-json\/wp\/v2\/posts"}],"about":[{"href":"https:\/\/www.abchukuk.com\/index.php\/wp-json\/wp\/v2\/types\/post"}],"author":[{"embeddable":true,"href":"https:\/\/www.abchukuk.com\/index.php\/wp-json\/wp\/v2\/users\/1"}],"replies":[{"embeddable":true,"href":"https:\/\/www.abchukuk.com\/index.php\/wp-json\/wp\/v2\/comments?post=5545"}],"version-history":[{"count":0,"href":"https:\/\/www.abchukuk.com\/index.php\/wp-json\/wp\/v2\/posts\/5545\/revisions"}],"wp:featuredmedia":[{"embeddable":true,"href":"https:\/\/www.abchukuk.com\/index.php\/wp-json\/wp\/v2\/media\/5546"}],"wp:attachment":[{"href":"https:\/\/www.abchukuk.com\/index.php\/wp-json\/wp\/v2\/media?parent=5545"}],"wp:term":[{"taxonomy":"category","embeddable":true,"href":"https:\/\/www.abchukuk.com\/index.php\/wp-json\/wp\/v2\/categories?post=5545"},{"taxonomy":"post_tag","embeddable":true,"href":"https:\/\/www.abchukuk.com\/index.php\/wp-json\/wp\/v2\/tags?post=5545"}],"curies":[{"name":"wp","href":"https:\/\/api.w.org\/{rel}","templated":true}]}}