{"id":5539,"date":"2025-09-17T14:00:00","date_gmt":"2025-09-17T14:00:00","guid":{"rendered":"https:\/\/www.abchukuk.com\/index.php\/2025\/09\/17\/bayrampasa-belediyesine-yonelik-operasyon-gozaltina-alinan-mhpliler-partiden-ihrac-edildi\/"},"modified":"2025-09-17T14:00:00","modified_gmt":"2025-09-17T14:00:00","slug":"bayrampasa-belediyesine-yonelik-operasyon-gozaltina-alinan-mhpliler-partiden-ihrac-edildi","status":"publish","type":"post","link":"https:\/\/www.abchukuk.com\/index.php\/2025\/09\/17\/bayrampasa-belediyesine-yonelik-operasyon-gozaltina-alinan-mhpliler-partiden-ihrac-edildi\/","title":{"rendered":"Bayrampa\u015fa Belediyesi&#8217;ne y\u00f6nelik operasyon: G\u00f6zalt\u0131na al\u0131nan MHP&#8217;liler partiden ihra\u00e7 edildi"},"content":{"rendered":"<p>MHP \u0130stanbul \u0130l Ba\u015fkanl\u0131\u011f\u0131, Bayrampa\u015fa Belediyesi&#8217;ne y\u00f6nelik operasyonda g\u00f6zalt\u0131na al\u0131nd\u0131ktan sonra kesin ihra\u00e7 talebiyle disipline sevkedilen \u0130stanbul \u0130l Y\u00f6netim Kurulu \u00fcyesi Yasin S\u00f6nmez ile Bayrampa\u015fa il\u00e7e \u00fcyesi Emin S\u00f6nmez&#8217;in partiden ihra\u00e7 edildi\u011fini duyurdu.MHP \u0130stanbul \u0130l Ba\u015fkanl\u0131\u011f\u0131, Bayrampa\u015fa Belediyesi&#8217;ne y\u00f6nelik operasyonda g\u00f6zalt\u0131na al\u0131nd\u0131ktan sonra kesin ihra\u00e7 talebiyle disipline sevkedilen \u0130stanbul \u0130l Y\u00f6netim Kurulu \u00fcyesi Yasin S\u00f6nmez ile Bayrampa\u015fa il\u00e7e \u00fcyesi Emin S\u00f6nmez&#8217;in partiden ihra\u00e7 edildi\u011fini duyurdu.\u00a0<a href=\"https:\/\/www.cumhuriyet.com.tr\/siyaset\/bayrampasa-belediyesi-ne-yonelik-operasyon-gozaltina-alinan-mhp-liler-partiden-ihrac-edildi-2435976\" target=\"_blank\" class=\"feedzy-rss-link-icon\">Read More<\/a><\/p>","protected":false},"excerpt":{"rendered":"<p>MHP \u0130stanbul \u0130l Ba\u015fkanl\u0131\u011f\u0131, Bayrampa\u015fa Belediyesi&#8217;ne y\u00f6nelik operasyonda g\u00f6zalt\u0131na al\u0131nd\u0131ktan sonra kesin ihra\u00e7 talebiyle disipline sevkedilen \u0130stanbul \u0130l Y\u00f6netim Kurulu \u00fcyesi Yasin S\u00f6nmez ile Bayrampa\u015fa il\u00e7e \u00fcyesi Emin S\u00f6nmez&#8217;in partiden ihra\u00e7 edildi\u011fini duyurdu.MHP \u0130stanbul \u0130l Ba\u015fkanl\u0131\u011f\u0131, Bayrampa\u015fa Belediyesi&#8217;ne y\u00f6nelik operasyonda g\u00f6zalt\u0131na al\u0131nd\u0131ktan sonra kesin ihra\u00e7 talebiyle disipline sevkedilen \u0130stanbul \u0130l Y\u00f6netim Kurulu \u00fcyesi Yasin S\u00f6nmez [&hellip;]<\/p>\n","protected":false},"author":1,"featured_media":5540,"comment_status":"open","ping_status":"open","sticky":false,"template":"","format":"standard","meta":{"footnotes":"","_links_to":"","_links_to_target":""},"categories":[1],"tags":[],"class_list":["post-5539","post","type-post","status-publish","format-standard","has-post-thumbnail","hentry","category-haberler"],"_links":{"self":[{"href":"https:\/\/www.abchukuk.com\/index.php\/wp-json\/wp\/v2\/posts\/5539","targetHints":{"allow":["GET"]}}],"collection":[{"href":"https:\/\/www.abchukuk.com\/index.php\/wp-json\/wp\/v2\/posts"}],"about":[{"href":"https:\/\/www.abchukuk.com\/index.php\/wp-json\/wp\/v2\/types\/post"}],"author":[{"embeddable":true,"href":"https:\/\/www.abchukuk.com\/index.php\/wp-json\/wp\/v2\/users\/1"}],"replies":[{"embeddable":true,"href":"https:\/\/www.abchukuk.com\/index.php\/wp-json\/wp\/v2\/comments?post=5539"}],"version-history":[{"count":0,"href":"https:\/\/www.abchukuk.com\/index.php\/wp-json\/wp\/v2\/posts\/5539\/revisions"}],"wp:featuredmedia":[{"embeddable":true,"href":"https:\/\/www.abchukuk.com\/index.php\/wp-json\/wp\/v2\/media\/5540"}],"wp:attachment":[{"href":"https:\/\/www.abchukuk.com\/index.php\/wp-json\/wp\/v2\/media?parent=5539"}],"wp:term":[{"taxonomy":"category","embeddable":true,"href":"https:\/\/www.abchukuk.com\/index.php\/wp-json\/wp\/v2\/categories?post=5539"},{"taxonomy":"post_tag","embeddable":true,"href":"https:\/\/www.abchukuk.com\/index.php\/wp-json\/wp\/v2\/tags?post=5539"}],"curies":[{"name":"wp","href":"https:\/\/api.w.org\/{rel}","templated":true}]}}