{"id":5537,"date":"2025-09-17T14:08:00","date_gmt":"2025-09-17T14:08:00","guid":{"rendered":"https:\/\/www.abchukuk.com\/index.php\/2025\/09\/17\/emekli-albay-orkun-ozeller-tutuklama-talebiyle-hakimlige-sevk-edildi\/"},"modified":"2025-09-17T14:08:00","modified_gmt":"2025-09-17T14:08:00","slug":"emekli-albay-orkun-ozeller-tutuklama-talebiyle-hakimlige-sevk-edildi","status":"publish","type":"post","link":"https:\/\/www.abchukuk.com\/index.php\/2025\/09\/17\/emekli-albay-orkun-ozeller-tutuklama-talebiyle-hakimlige-sevk-edildi\/","title":{"rendered":"Emekli Albay Orkun \u00d6zeller Tutuklama Talebiyle Hakimli\u011fe Sevk Edildi"},"content":{"rendered":"<p><a href=\"https:\/\/www.gercekgundem.com\/guncel\/emekli-albay-orkun-ozeller-tutuklama-talebiyle-hakimlige-sevk-edildi-555746\"><br \/>\n                                                            <img decoding=\"async\" src=\"https:\/\/i.gercekgundem.com\/2\/150\/84\/storage\/files\/images\/2025\/09\/17\/emekli-albay-orkun-ozeller-tutuklama-talebiyle-hakimlige-sevk-edildi-jrvj.png\" width=\"150\" height=\"84\" border=\"0\" align=\"right\" \/><br \/>\n                                                    <\/a><\/p>\n<h4>MHP Genel Ba\u015fkan\u0131 Devlet Bah\u00e7eli\u2019nin avukatlar\u0131n\u0131n yapt\u0131\u011f\u0131 su\u00e7 duyurusu sonras\u0131nda  \u2018Hakaret\u2019, \u2018Halk\u0131 kin ve d\u00fc\u015fmanl\u0131\u011fa tahrik\u2019, \u2018Kamu g\u00f6revlisine hakaret\u2019 su\u00e7lamalar\u0131yla g\u00f6zalt\u0131na al\u0131nan Emekli Albay Orkun \u00d6zeller tutuklama talebiyle hakimli\u011fe sevk edildi.<\/h4>\n<p>MHP Genel Ba\u015fkan\u0131 Devlet Bah\u00e7eli\u2019nin avukatlar\u0131n\u0131n yapt\u0131\u011f\u0131 su\u00e7 duyurusu sonras\u0131nda  \u2018Hakaret\u2019, \u2018Halk\u0131 kin ve d\u00fc\u015fmanl\u0131\u011fa tahrik\u2019, \u2018Kamu g\u00f6revlisine hakaret\u2019 su\u00e7lamalar\u0131yla g\u00f6zalt\u0131na al\u0131nan Emekli Albay Orkun \u00d6zeller tutuklama talebiyle hakimli\u011fe sevk edildi.\u00a0<a href=\"https:\/\/www.gercekgundem.com\/guncel\/emekli-albay-orkun-ozeller-tutuklama-talebiyle-hakimlige-sevk-edildi-555746\" target=\"_blank\" class=\"feedzy-rss-link-icon\">Read More<\/a><\/p>","protected":false},"excerpt":{"rendered":"<p>MHP Genel Ba\u015fkan\u0131 Devlet Bah\u00e7eli\u2019nin avukatlar\u0131n\u0131n yapt\u0131\u011f\u0131 su\u00e7 duyurusu sonras\u0131nda \u2018Hakaret\u2019, \u2018Halk\u0131 kin ve d\u00fc\u015fmanl\u0131\u011fa tahrik\u2019, \u2018Kamu g\u00f6revlisine hakaret\u2019 su\u00e7lamalar\u0131yla g\u00f6zalt\u0131na al\u0131nan Emekli Albay Orkun \u00d6zeller tutuklama talebiyle hakimli\u011fe sevk edildi. MHP Genel Ba\u015fkan\u0131 Devlet Bah\u00e7eli\u2019nin avukatlar\u0131n\u0131n yapt\u0131\u011f\u0131 su\u00e7 duyurusu sonras\u0131nda \u2018Hakaret\u2019, \u2018Halk\u0131 kin ve d\u00fc\u015fmanl\u0131\u011fa tahrik\u2019, \u2018Kamu g\u00f6revlisine hakaret\u2019 su\u00e7lamalar\u0131yla g\u00f6zalt\u0131na al\u0131nan Emekli Albay [&hellip;]<\/p>\n","protected":false},"author":1,"featured_media":5538,"comment_status":"open","ping_status":"open","sticky":false,"template":"","format":"standard","meta":{"footnotes":"","_links_to":"","_links_to_target":""},"categories":[1],"tags":[],"class_list":["post-5537","post","type-post","status-publish","format-standard","has-post-thumbnail","hentry","category-haberler"],"_links":{"self":[{"href":"https:\/\/www.abchukuk.com\/index.php\/wp-json\/wp\/v2\/posts\/5537","targetHints":{"allow":["GET"]}}],"collection":[{"href":"https:\/\/www.abchukuk.com\/index.php\/wp-json\/wp\/v2\/posts"}],"about":[{"href":"https:\/\/www.abchukuk.com\/index.php\/wp-json\/wp\/v2\/types\/post"}],"author":[{"embeddable":true,"href":"https:\/\/www.abchukuk.com\/index.php\/wp-json\/wp\/v2\/users\/1"}],"replies":[{"embeddable":true,"href":"https:\/\/www.abchukuk.com\/index.php\/wp-json\/wp\/v2\/comments?post=5537"}],"version-history":[{"count":0,"href":"https:\/\/www.abchukuk.com\/index.php\/wp-json\/wp\/v2\/posts\/5537\/revisions"}],"wp:featuredmedia":[{"embeddable":true,"href":"https:\/\/www.abchukuk.com\/index.php\/wp-json\/wp\/v2\/media\/5538"}],"wp:attachment":[{"href":"https:\/\/www.abchukuk.com\/index.php\/wp-json\/wp\/v2\/media?parent=5537"}],"wp:term":[{"taxonomy":"category","embeddable":true,"href":"https:\/\/www.abchukuk.com\/index.php\/wp-json\/wp\/v2\/categories?post=5537"},{"taxonomy":"post_tag","embeddable":true,"href":"https:\/\/www.abchukuk.com\/index.php\/wp-json\/wp\/v2\/tags?post=5537"}],"curies":[{"name":"wp","href":"https:\/\/api.w.org\/{rel}","templated":true}]}}