{"id":5536,"date":"2025-09-17T14:15:31","date_gmt":"2025-09-17T14:15:31","guid":{"rendered":"https:\/\/www.abchukuk.com\/index.php\/2025\/09\/17\/istanbul-yargisi-merakla-bekliyordu-2-kritik-ilcenin-bassavcisi-o-secimle-ile-birlikte-degisecek\/"},"modified":"2025-09-17T14:15:31","modified_gmt":"2025-09-17T14:15:31","slug":"istanbul-yargisi-merakla-bekliyordu-2-kritik-ilcenin-bassavcisi-o-secimle-ile-birlikte-degisecek","status":"publish","type":"post","link":"https:\/\/www.abchukuk.com\/index.php\/2025\/09\/17\/istanbul-yargisi-merakla-bekliyordu-2-kritik-ilcenin-bassavcisi-o-secimle-ile-birlikte-degisecek\/","title":{"rendered":"\u0130stanbul yarg\u0131s\u0131 merakla bekliyordu! 2 kritik il\u00e7enin ba\u015fsavc\u0131s\u0131 o se\u00e7imle ile birlikte de\u011fi\u015fecek"},"content":{"rendered":"<p>Hakimler ve Savc\u0131lar Kurulu taraf\u0131ndan yap\u0131lacak olan kritik toplant\u0131 ile \u0130stanbul\u2019un 2 il\u00e7esindeki Cumhuriyet Ba\u015fsavc\u0131lar\u0131n\u0131n de\u011fi\u015fmesi bekleniyordu. Yarg\u0131 camias\u0131n\u0131n nabz\u0131n\u0131 tutan SONTV fla\u015f kulis bilgisine ula\u015ft\u0131.<\/p>\n<p>YARGITAY SE\u00c7\u0130MLER\u0130 \u0130LE DE\u011e\u0130\u015eECEK<\/p>\n<p>Yarg\u0131tay\u2019da 12 \u00fcyenin emeklili\u011fe ayr\u0131lmas\u0131n\u0131n ard\u0131ndan g\u00f6zler se\u00e7ilecek 6 yeni \u00fcyeye \u00e7evrilmi\u015fti. SONTV\u2019nin ula\u015ft\u0131\u011f\u0131 bilgilere g\u00f6re \u0130stanbul\u2019un 2 il\u00e7esindeki Cumhuriyet Ba\u015fsavc\u0131lar\u0131n\u0131n Yarg\u0131tay se\u00e7imleri ile birlikte de\u011fi\u015fmesi bekleniyor. Bu duruma g\u00f6re beklenen de\u011fi\u015fim \u015fimdiden 15 g\u00fcn uzad\u0131.<\/p>\n<p>YARGITAY\u2019DA SE\u00c7\u0130M KURALI DE\u011e\u0130\u015e\u0130YOR MU?<\/p>\n<p>\u00d6te yandan mevcut duruma g\u00f6re, Yarg\u0131tay \u00fcyeliklerine her emekli olan 2 Yarg\u0131tay \u00fcyesinin yerine 1 yeni \u00fcye belirleniyordu. SONTV Adalet Bakanl\u0131\u011f\u0131n\u0131n her emekli olan Yarg\u0131tay \u00fcyesinin yerine bir \u00fcye se\u00e7imi yap\u0131lmas\u0131n\u0131n planland\u0131\u011f\u0131 aktarm\u0131\u015ft\u0131. Kulislerin nabz\u0131n\u0131 tutan SONTV ya\u015fanan yeni geli\u015fmeleri duyurmaya devam edecek.<\/p>\n<p>\u0130stanbul\u2019un 2 kritik il\u00e7esinde de\u011fi\u015fmesi beklenen Cumhuriyet Ba\u015fsavc\u0131lar\u0131 ile ilgili SONTV fla\u015f bir kulis bilgisine ula\u015ft\u0131. SONTV\u2019nin ula\u015ft\u0131\u011f\u0131 bilgiye g\u00f6re Cumhuriyet Ba\u015fsavc\u0131lar\u0131n\u0131n yap\u0131lacak olan o se\u00e7imle de\u011fi\u015fece\u011fi \u00f6\u011frenildi.\u00a0<a href=\"https:\/\/www.son.tv\/istanbul-yargisi-merakla-bekliyordu-2-kritik-ilcenin-bassavcisi-o-secimle-ile-birlikte-degisecek\/\" target=\"_blank\" class=\"feedzy-rss-link-icon\">Read More<\/a><\/p>","protected":false},"excerpt":{"rendered":"<p>Hakimler ve Savc\u0131lar Kurulu taraf\u0131ndan yap\u0131lacak olan kritik toplant\u0131 ile \u0130stanbul\u2019un 2 il\u00e7esindeki Cumhuriyet Ba\u015fsavc\u0131lar\u0131n\u0131n de\u011fi\u015fmesi bekleniyordu. Yarg\u0131 camias\u0131n\u0131n nabz\u0131n\u0131 tutan SONTV fla\u015f kulis bilgisine ula\u015ft\u0131. YARGITAY SE\u00c7\u0130MLER\u0130 \u0130LE DE\u011e\u0130\u015eECEK Yarg\u0131tay\u2019da 12 \u00fcyenin emeklili\u011fe ayr\u0131lmas\u0131n\u0131n ard\u0131ndan g\u00f6zler se\u00e7ilecek 6 yeni \u00fcyeye \u00e7evrilmi\u015fti. SONTV\u2019nin ula\u015ft\u0131\u011f\u0131 bilgilere g\u00f6re \u0130stanbul\u2019un 2 il\u00e7esindeki Cumhuriyet Ba\u015fsavc\u0131lar\u0131n\u0131n Yarg\u0131tay se\u00e7imleri ile birlikte [&hellip;]<\/p>\n","protected":false},"author":1,"featured_media":0,"comment_status":"open","ping_status":"open","sticky":false,"template":"","format":"standard","meta":{"footnotes":"","_links_to":"","_links_to_target":""},"categories":[1],"tags":[],"class_list":["post-5536","post","type-post","status-publish","format-standard","hentry","category-haberler"],"_links":{"self":[{"href":"https:\/\/www.abchukuk.com\/index.php\/wp-json\/wp\/v2\/posts\/5536","targetHints":{"allow":["GET"]}}],"collection":[{"href":"https:\/\/www.abchukuk.com\/index.php\/wp-json\/wp\/v2\/posts"}],"about":[{"href":"https:\/\/www.abchukuk.com\/index.php\/wp-json\/wp\/v2\/types\/post"}],"author":[{"embeddable":true,"href":"https:\/\/www.abchukuk.com\/index.php\/wp-json\/wp\/v2\/users\/1"}],"replies":[{"embeddable":true,"href":"https:\/\/www.abchukuk.com\/index.php\/wp-json\/wp\/v2\/comments?post=5536"}],"version-history":[{"count":0,"href":"https:\/\/www.abchukuk.com\/index.php\/wp-json\/wp\/v2\/posts\/5536\/revisions"}],"wp:attachment":[{"href":"https:\/\/www.abchukuk.com\/index.php\/wp-json\/wp\/v2\/media?parent=5536"}],"wp:term":[{"taxonomy":"category","embeddable":true,"href":"https:\/\/www.abchukuk.com\/index.php\/wp-json\/wp\/v2\/categories?post=5536"},{"taxonomy":"post_tag","embeddable":true,"href":"https:\/\/www.abchukuk.com\/index.php\/wp-json\/wp\/v2\/tags?post=5536"}],"curies":[{"name":"wp","href":"https:\/\/api.w.org\/{rel}","templated":true}]}}