{"id":5534,"date":"2025-09-17T14:44:19","date_gmt":"2025-09-17T14:44:19","guid":{"rendered":"https:\/\/www.abchukuk.com\/index.php\/2025\/09\/17\/kiracisinin-burnunu-kiran-is-yeri-sahibi-cezaevine-gonderildi\/"},"modified":"2025-09-17T14:44:19","modified_gmt":"2025-09-17T14:44:19","slug":"kiracisinin-burnunu-kiran-is-yeri-sahibi-cezaevine-gonderildi","status":"publish","type":"post","link":"https:\/\/www.abchukuk.com\/index.php\/2025\/09\/17\/kiracisinin-burnunu-kiran-is-yeri-sahibi-cezaevine-gonderildi\/","title":{"rendered":"Kirac\u0131s\u0131n\u0131n Burnunu K\u0131ran \u0130\u015f Yeri Sahibi Cezaevine G\u00f6nderildi"},"content":{"rendered":"<p><a href=\"https:\/\/www.gercekgundem.com\/guncel\/kiracisinin-burnunu-kiran-is-yeri-sahibi-cezaevine-gonderildi-555755\"><br \/>\n                                                            <img decoding=\"async\" src=\"https:\/\/i.gercekgundem.com\/2\/150\/84\/storage\/files\/images\/2025\/09\/17\/kiracisinin-burnunu-kiran-is-yeri-sahibi-cezaevine-gonderildi-xi33.jpg\" width=\"150\" height=\"84\" border=\"0\" align=\"right\" \/><br \/>\n                                                    <\/a><\/p>\n<h4>Samsun\u2019un Atakum il\u00e7esinde i\u015f yeri sahibi ile kirac\u0131s\u0131 aras\u0131nda \u00e7\u0131kan tart\u0131\u015fma kavgaya d\u00f6n\u00fc\u015ft\u00fc. Kiras\u0131n\u0131 verdi\u011fi i\u015fletmenin sahibinden \u015fiddet g\u00f6ren kirac\u0131 hastanelik oldu, i\u015f yeri sahibi ise tutukland\u0131.<\/h4>\n<p>Samsun\u2019un Atakum il\u00e7esinde i\u015f yeri sahibi ile kirac\u0131s\u0131 aras\u0131nda \u00e7\u0131kan tart\u0131\u015fma kavgaya d\u00f6n\u00fc\u015ft\u00fc. Kiras\u0131n\u0131 verdi\u011fi i\u015fletmenin sahibinden \u015fiddet g\u00f6ren kirac\u0131 hastanelik oldu, i\u015f yeri sahibi ise tutukland\u0131.\u00a0<a href=\"https:\/\/www.gercekgundem.com\/guncel\/kiracisinin-burnunu-kiran-is-yeri-sahibi-cezaevine-gonderildi-555755\" target=\"_blank\" class=\"feedzy-rss-link-icon\">Read More<\/a><\/p>","protected":false},"excerpt":{"rendered":"<p>Samsun\u2019un Atakum il\u00e7esinde i\u015f yeri sahibi ile kirac\u0131s\u0131 aras\u0131nda \u00e7\u0131kan tart\u0131\u015fma kavgaya d\u00f6n\u00fc\u015ft\u00fc. Kiras\u0131n\u0131 verdi\u011fi i\u015fletmenin sahibinden \u015fiddet g\u00f6ren kirac\u0131 hastanelik oldu, i\u015f yeri sahibi ise tutukland\u0131. Samsun\u2019un Atakum il\u00e7esinde i\u015f yeri sahibi ile kirac\u0131s\u0131 aras\u0131nda \u00e7\u0131kan tart\u0131\u015fma kavgaya d\u00f6n\u00fc\u015ft\u00fc. Kiras\u0131n\u0131 verdi\u011fi i\u015fletmenin sahibinden \u015fiddet g\u00f6ren kirac\u0131 hastanelik oldu, i\u015f yeri sahibi ise tutukland\u0131.\u00a0Read More<\/p>\n","protected":false},"author":1,"featured_media":5535,"comment_status":"open","ping_status":"open","sticky":false,"template":"","format":"standard","meta":{"footnotes":"","_links_to":"","_links_to_target":""},"categories":[1],"tags":[],"class_list":["post-5534","post","type-post","status-publish","format-standard","has-post-thumbnail","hentry","category-haberler"],"_links":{"self":[{"href":"https:\/\/www.abchukuk.com\/index.php\/wp-json\/wp\/v2\/posts\/5534","targetHints":{"allow":["GET"]}}],"collection":[{"href":"https:\/\/www.abchukuk.com\/index.php\/wp-json\/wp\/v2\/posts"}],"about":[{"href":"https:\/\/www.abchukuk.com\/index.php\/wp-json\/wp\/v2\/types\/post"}],"author":[{"embeddable":true,"href":"https:\/\/www.abchukuk.com\/index.php\/wp-json\/wp\/v2\/users\/1"}],"replies":[{"embeddable":true,"href":"https:\/\/www.abchukuk.com\/index.php\/wp-json\/wp\/v2\/comments?post=5534"}],"version-history":[{"count":0,"href":"https:\/\/www.abchukuk.com\/index.php\/wp-json\/wp\/v2\/posts\/5534\/revisions"}],"wp:featuredmedia":[{"embeddable":true,"href":"https:\/\/www.abchukuk.com\/index.php\/wp-json\/wp\/v2\/media\/5535"}],"wp:attachment":[{"href":"https:\/\/www.abchukuk.com\/index.php\/wp-json\/wp\/v2\/media?parent=5534"}],"wp:term":[{"taxonomy":"category","embeddable":true,"href":"https:\/\/www.abchukuk.com\/index.php\/wp-json\/wp\/v2\/categories?post=5534"},{"taxonomy":"post_tag","embeddable":true,"href":"https:\/\/www.abchukuk.com\/index.php\/wp-json\/wp\/v2\/tags?post=5534"}],"curies":[{"name":"wp","href":"https:\/\/api.w.org\/{rel}","templated":true}]}}