{"id":5525,"date":"2025-09-17T12:10:00","date_gmt":"2025-09-17T12:10:00","guid":{"rendered":"https:\/\/www.abchukuk.com\/index.php\/2025\/09\/17\/teror-orgutu-pkk-lideri-abdullah-ocalan-surec-hukuksal-cozum-asamasina-geldi\/"},"modified":"2025-09-17T12:10:00","modified_gmt":"2025-09-17T12:10:00","slug":"teror-orgutu-pkk-lideri-abdullah-ocalan-surec-hukuksal-cozum-asamasina-geldi","status":"publish","type":"post","link":"https:\/\/www.abchukuk.com\/index.php\/2025\/09\/17\/teror-orgutu-pkk-lideri-abdullah-ocalan-surec-hukuksal-cozum-asamasina-geldi\/","title":{"rendered":"Ter\u00f6r \u00f6rg\u00fct\u00fc PKK lideri Abdullah \u00d6calan: S\u00fcre\u00e7 hukuksal \u00e7\u00f6z\u00fcm a\u015famas\u0131na geldi"},"content":{"rendered":"<p>Ter\u00f6r \u00f6rg\u00fct\u00fc PKK lideri Abdullah \u00d6calan, 6 y\u0131l aradan sonra avukatlar\u0131 ile \u0130mral\u0131&#8217;da g\u00f6r\u00fc\u015ft\u00fc. Avukatlar\u0131n\u0131n \u00d6calan hakk\u0131nda yapt\u0131\u011f\u0131 a\u00e7\u0131klamada, &#8220;Bar\u0131\u015f ve demokratik toplum s\u00fcrecinin kat etti\u011fi merhale itibariyle hukuksal \u00e7\u00f6z\u00fcm a\u015famas\u0131na geldi\u011fini belirtmi\u015ftir&#8221; ifadelerine yer verildi.Ter\u00f6r \u00f6rg\u00fct\u00fc PKK lideri Abdullah \u00d6calan, 6 y\u0131l aradan sonra avukatlar\u0131 ile \u0130mral\u0131&#8217;da g\u00f6r\u00fc\u015ft\u00fc. Avukatlar\u0131n\u0131n \u00d6calan hakk\u0131nda yapt\u0131\u011f\u0131 a\u00e7\u0131klamada, &#8220;Bar\u0131\u015f ve demokratik toplum s\u00fcrecinin kat etti\u011fi merhale itibariyle hukuksal \u00e7\u00f6z\u00fcm a\u015famas\u0131na geldi\u011fini belirtmi\u015ftir&#8221; ifadelerine yer verildi.\u00a0<a href=\"https:\/\/www.cumhuriyet.com.tr\/turkiye\/teror-orgutu-pkk-lideri-abdullah-ocalan-surec-hukuksal-cozum-asamasina-geldi-2435937\" target=\"_blank\" class=\"feedzy-rss-link-icon\">Read More<\/a><\/p>","protected":false},"excerpt":{"rendered":"<p>Ter\u00f6r \u00f6rg\u00fct\u00fc PKK lideri Abdullah \u00d6calan, 6 y\u0131l aradan sonra avukatlar\u0131 ile \u0130mral\u0131&#8217;da g\u00f6r\u00fc\u015ft\u00fc. Avukatlar\u0131n\u0131n \u00d6calan hakk\u0131nda yapt\u0131\u011f\u0131 a\u00e7\u0131klamada, &#8220;Bar\u0131\u015f ve demokratik toplum s\u00fcrecinin kat etti\u011fi merhale itibariyle hukuksal \u00e7\u00f6z\u00fcm a\u015famas\u0131na geldi\u011fini belirtmi\u015ftir&#8221; ifadelerine yer verildi.Ter\u00f6r \u00f6rg\u00fct\u00fc PKK lideri Abdullah \u00d6calan, 6 y\u0131l aradan sonra avukatlar\u0131 ile \u0130mral\u0131&#8217;da g\u00f6r\u00fc\u015ft\u00fc. Avukatlar\u0131n\u0131n \u00d6calan hakk\u0131nda yapt\u0131\u011f\u0131 a\u00e7\u0131klamada, &#8220;Bar\u0131\u015f [&hellip;]<\/p>\n","protected":false},"author":1,"featured_media":5526,"comment_status":"open","ping_status":"open","sticky":false,"template":"","format":"standard","meta":{"footnotes":"","_links_to":"","_links_to_target":""},"categories":[1],"tags":[],"class_list":["post-5525","post","type-post","status-publish","format-standard","has-post-thumbnail","hentry","category-haberler"],"_links":{"self":[{"href":"https:\/\/www.abchukuk.com\/index.php\/wp-json\/wp\/v2\/posts\/5525","targetHints":{"allow":["GET"]}}],"collection":[{"href":"https:\/\/www.abchukuk.com\/index.php\/wp-json\/wp\/v2\/posts"}],"about":[{"href":"https:\/\/www.abchukuk.com\/index.php\/wp-json\/wp\/v2\/types\/post"}],"author":[{"embeddable":true,"href":"https:\/\/www.abchukuk.com\/index.php\/wp-json\/wp\/v2\/users\/1"}],"replies":[{"embeddable":true,"href":"https:\/\/www.abchukuk.com\/index.php\/wp-json\/wp\/v2\/comments?post=5525"}],"version-history":[{"count":0,"href":"https:\/\/www.abchukuk.com\/index.php\/wp-json\/wp\/v2\/posts\/5525\/revisions"}],"wp:featuredmedia":[{"embeddable":true,"href":"https:\/\/www.abchukuk.com\/index.php\/wp-json\/wp\/v2\/media\/5526"}],"wp:attachment":[{"href":"https:\/\/www.abchukuk.com\/index.php\/wp-json\/wp\/v2\/media?parent=5525"}],"wp:term":[{"taxonomy":"category","embeddable":true,"href":"https:\/\/www.abchukuk.com\/index.php\/wp-json\/wp\/v2\/categories?post=5525"},{"taxonomy":"post_tag","embeddable":true,"href":"https:\/\/www.abchukuk.com\/index.php\/wp-json\/wp\/v2\/tags?post=5525"}],"curies":[{"name":"wp","href":"https:\/\/api.w.org\/{rel}","templated":true}]}}