{"id":5523,"date":"2025-09-17T12:27:00","date_gmt":"2025-09-17T12:27:00","guid":{"rendered":"https:\/\/www.abchukuk.com\/index.php\/2025\/09\/17\/desticiden-kilicdaroglu-cagrisi-yargi-kurumlarini-goreve-davet-etti\/"},"modified":"2025-09-17T12:27:00","modified_gmt":"2025-09-17T12:27:00","slug":"desticiden-kilicdaroglu-cagrisi-yargi-kurumlarini-goreve-davet-etti","status":"publish","type":"post","link":"https:\/\/www.abchukuk.com\/index.php\/2025\/09\/17\/desticiden-kilicdaroglu-cagrisi-yargi-kurumlarini-goreve-davet-etti\/","title":{"rendered":"Destici&#8217;den &#8216;K\u0131l\u0131\u00e7daro\u011flu&#8217; \u00e7a\u011fr\u0131s\u0131: Yarg\u0131 kurumlar\u0131n\u0131 g\u00f6reve davet etti"},"content":{"rendered":"<p>B\u00fcy\u00fck Birlik Partisi (BBP) Genel Ba\u015fkan\u0131 Mustafa Destici, \u201cEle\u015ftiri yap\u0131l\u0131rken, Kemal K\u0131l\u0131\u00e7daro\u011flu\u2019nun inan\u00e7lar\u0131n\u0131n, mezhebi anlay\u0131\u015f\u0131n\u0131n ve kimli\u011finin malzeme yap\u0131lmas\u0131n\u0131 \u015fiddetle k\u0131n\u0131yorum ve lanetliyorum. Alevilik ve aileviler milletimizin ve \u00fclkemizin de\u011feridir. Bu y\u00f6ndeki ifadeleri ve ifadelerin sahiplerini \u015fiddetle k\u0131n\u0131yor, yarg\u0131 kurumlar\u0131n\u0131 g\u00f6reve \u00e7a\u011f\u0131r\u0131yoruz\u201d dedi.B\u00fcy\u00fck Birlik Partisi (BBP) Genel Ba\u015fkan\u0131 Mustafa Destici, \u201cEle\u015ftiri yap\u0131l\u0131rken, Kemal K\u0131l\u0131\u00e7daro\u011flu\u2019nun inan\u00e7lar\u0131n\u0131n, mezhebi anlay\u0131\u015f\u0131n\u0131n ve kimli\u011finin malzeme yap\u0131lmas\u0131n\u0131 \u015fiddetle k\u0131n\u0131yorum ve lanetliyorum. Alevilik ve aileviler milletimizin ve \u00fclkemizin de\u011feridir. Bu y\u00f6ndeki ifadeleri ve ifadelerin sahiplerini \u015fiddetle k\u0131n\u0131yor, yarg\u0131 kurumlar\u0131n\u0131 g\u00f6reve \u00e7a\u011f\u0131r\u0131yoruz\u201d dedi.\u00a0<a href=\"https:\/\/www.cumhuriyet.com.tr\/siyaset\/destici-den-kilicdaroglu-cagrisi-yargi-kurumlarini-goreve-davet-etti-2435939\" target=\"_blank\" class=\"feedzy-rss-link-icon\">Read More<\/a><\/p>","protected":false},"excerpt":{"rendered":"<p>B\u00fcy\u00fck Birlik Partisi (BBP) Genel Ba\u015fkan\u0131 Mustafa Destici, \u201cEle\u015ftiri yap\u0131l\u0131rken, Kemal K\u0131l\u0131\u00e7daro\u011flu\u2019nun inan\u00e7lar\u0131n\u0131n, mezhebi anlay\u0131\u015f\u0131n\u0131n ve kimli\u011finin malzeme yap\u0131lmas\u0131n\u0131 \u015fiddetle k\u0131n\u0131yorum ve lanetliyorum. Alevilik ve aileviler milletimizin ve \u00fclkemizin de\u011feridir. Bu y\u00f6ndeki ifadeleri ve ifadelerin sahiplerini \u015fiddetle k\u0131n\u0131yor, yarg\u0131 kurumlar\u0131n\u0131 g\u00f6reve \u00e7a\u011f\u0131r\u0131yoruz\u201d dedi.B\u00fcy\u00fck Birlik Partisi (BBP) Genel Ba\u015fkan\u0131 Mustafa Destici, \u201cEle\u015ftiri yap\u0131l\u0131rken, Kemal K\u0131l\u0131\u00e7daro\u011flu\u2019nun inan\u00e7lar\u0131n\u0131n, [&hellip;]<\/p>\n","protected":false},"author":1,"featured_media":5524,"comment_status":"open","ping_status":"open","sticky":false,"template":"","format":"standard","meta":{"footnotes":"","_links_to":"","_links_to_target":""},"categories":[1],"tags":[],"class_list":["post-5523","post","type-post","status-publish","format-standard","has-post-thumbnail","hentry","category-haberler"],"_links":{"self":[{"href":"https:\/\/www.abchukuk.com\/index.php\/wp-json\/wp\/v2\/posts\/5523","targetHints":{"allow":["GET"]}}],"collection":[{"href":"https:\/\/www.abchukuk.com\/index.php\/wp-json\/wp\/v2\/posts"}],"about":[{"href":"https:\/\/www.abchukuk.com\/index.php\/wp-json\/wp\/v2\/types\/post"}],"author":[{"embeddable":true,"href":"https:\/\/www.abchukuk.com\/index.php\/wp-json\/wp\/v2\/users\/1"}],"replies":[{"embeddable":true,"href":"https:\/\/www.abchukuk.com\/index.php\/wp-json\/wp\/v2\/comments?post=5523"}],"version-history":[{"count":0,"href":"https:\/\/www.abchukuk.com\/index.php\/wp-json\/wp\/v2\/posts\/5523\/revisions"}],"wp:featuredmedia":[{"embeddable":true,"href":"https:\/\/www.abchukuk.com\/index.php\/wp-json\/wp\/v2\/media\/5524"}],"wp:attachment":[{"href":"https:\/\/www.abchukuk.com\/index.php\/wp-json\/wp\/v2\/media?parent=5523"}],"wp:term":[{"taxonomy":"category","embeddable":true,"href":"https:\/\/www.abchukuk.com\/index.php\/wp-json\/wp\/v2\/categories?post=5523"},{"taxonomy":"post_tag","embeddable":true,"href":"https:\/\/www.abchukuk.com\/index.php\/wp-json\/wp\/v2\/tags?post=5523"}],"curies":[{"name":"wp","href":"https:\/\/api.w.org\/{rel}","templated":true}]}}