{"id":5519,"date":"2025-09-17T12:43:52","date_gmt":"2025-09-17T12:43:52","guid":{"rendered":"https:\/\/www.abchukuk.com\/index.php\/2025\/09\/17\/bilecik-valisi-sozerden-eskisehir-cumhuriyet-bassavciligina-ziyaret\/"},"modified":"2025-09-17T12:43:52","modified_gmt":"2025-09-17T12:43:52","slug":"bilecik-valisi-sozerden-eskisehir-cumhuriyet-bassavciligina-ziyaret","status":"publish","type":"post","link":"https:\/\/www.abchukuk.com\/index.php\/2025\/09\/17\/bilecik-valisi-sozerden-eskisehir-cumhuriyet-bassavciligina-ziyaret\/","title":{"rendered":"Bilecik Valisi S\u00f6zer\u2019den Eski\u015fehir Cumhuriyet Ba\u015fsavc\u0131l\u0131\u011f\u0131na ziyaret"},"content":{"rendered":"<p>Bilecik Valisi Faik S\u00f6zer, Eski\u015fehir Cumhuriyet Ba\u015fsavc\u0131s\u0131 \u00dczeyir Karak\u00fclah\u2019\u0131 makam\u0131nda ziyaret ederek g\u00fcncel geli\u015fmeler hakk\u0131nda de\u011ferlendirmelerde bulundu.<\/p>\n<p><img fetchpriority=\"high\" decoding=\"async\" class=\"alignnone size-large wp-image-163022\" src=\"https:\/\/www.son.tv\/wp-content\/uploads\/2025\/09\/WhatsApp-Image-2025-09-17-at-15.29.38-1024x682.jpeg\" alt=\"\" width=\"1024\" height=\"682\" \/> <img decoding=\"async\" class=\"alignnone size-large wp-image-163023\" src=\"https:\/\/www.son.tv\/wp-content\/uploads\/2025\/09\/WhatsApp-Image-2025-09-17-at-15.29.37-1-1024x682.jpeg\" alt=\"\" width=\"1024\" height=\"682\" \/><\/p>\n<p>Bilecik Valisi Faik S\u00f6zer, Eski\u015fehir Cumhuriyet Ba\u015fsavc\u0131s\u0131 \u00dczeyir Karak\u00fclah\u2019\u0131 makam\u0131nda ziyaret etti.\u00a0<a href=\"https:\/\/www.son.tv\/bilecik-valisi-sozerden-eskisehir-cumhuriyet-bassavciligina-ziyaret\/\" target=\"_blank\" class=\"feedzy-rss-link-icon\">Read More<\/a><\/p>","protected":false},"excerpt":{"rendered":"<p>Bilecik Valisi Faik S\u00f6zer, Eski\u015fehir Cumhuriyet Ba\u015fsavc\u0131s\u0131 \u00dczeyir Karak\u00fclah\u2019\u0131 makam\u0131nda ziyaret ederek g\u00fcncel geli\u015fmeler hakk\u0131nda de\u011ferlendirmelerde bulundu. Bilecik Valisi Faik S\u00f6zer, Eski\u015fehir Cumhuriyet Ba\u015fsavc\u0131s\u0131 \u00dczeyir Karak\u00fclah\u2019\u0131 makam\u0131nda ziyaret etti.\u00a0Read More<\/p>\n","protected":false},"author":1,"featured_media":5520,"comment_status":"open","ping_status":"open","sticky":false,"template":"","format":"standard","meta":{"footnotes":"","_links_to":"","_links_to_target":""},"categories":[1],"tags":[],"class_list":["post-5519","post","type-post","status-publish","format-standard","has-post-thumbnail","hentry","category-haberler"],"_links":{"self":[{"href":"https:\/\/www.abchukuk.com\/index.php\/wp-json\/wp\/v2\/posts\/5519","targetHints":{"allow":["GET"]}}],"collection":[{"href":"https:\/\/www.abchukuk.com\/index.php\/wp-json\/wp\/v2\/posts"}],"about":[{"href":"https:\/\/www.abchukuk.com\/index.php\/wp-json\/wp\/v2\/types\/post"}],"author":[{"embeddable":true,"href":"https:\/\/www.abchukuk.com\/index.php\/wp-json\/wp\/v2\/users\/1"}],"replies":[{"embeddable":true,"href":"https:\/\/www.abchukuk.com\/index.php\/wp-json\/wp\/v2\/comments?post=5519"}],"version-history":[{"count":0,"href":"https:\/\/www.abchukuk.com\/index.php\/wp-json\/wp\/v2\/posts\/5519\/revisions"}],"wp:featuredmedia":[{"embeddable":true,"href":"https:\/\/www.abchukuk.com\/index.php\/wp-json\/wp\/v2\/media\/5520"}],"wp:attachment":[{"href":"https:\/\/www.abchukuk.com\/index.php\/wp-json\/wp\/v2\/media?parent=5519"}],"wp:term":[{"taxonomy":"category","embeddable":true,"href":"https:\/\/www.abchukuk.com\/index.php\/wp-json\/wp\/v2\/categories?post=5519"},{"taxonomy":"post_tag","embeddable":true,"href":"https:\/\/www.abchukuk.com\/index.php\/wp-json\/wp\/v2\/tags?post=5519"}],"curies":[{"name":"wp","href":"https:\/\/api.w.org\/{rel}","templated":true}]}}