{"id":5515,"date":"2025-09-17T11:32:00","date_gmt":"2025-09-17T11:32:00","guid":{"rendered":"https:\/\/www.abchukuk.com\/index.php\/2025\/09\/17\/koy-imami-vuruldu-gozaltina-alinan-zanli-ayi-sandim-dedi\/"},"modified":"2025-09-17T11:32:00","modified_gmt":"2025-09-17T11:32:00","slug":"koy-imami-vuruldu-gozaltina-alinan-zanli-ayi-sandim-dedi","status":"publish","type":"post","link":"https:\/\/www.abchukuk.com\/index.php\/2025\/09\/17\/koy-imami-vuruldu-gozaltina-alinan-zanli-ayi-sandim-dedi\/","title":{"rendered":"K\u00f6y imam\u0131 vuruldu: G\u00f6zalt\u0131na al\u0131nan zanl\u0131 &#8216;ay\u0131 sand\u0131m&#8217; dedi"},"content":{"rendered":"<p>Bolu\u2019nun Mengen il\u00e7esinde ar\u0131c\u0131l\u0131k yapan bir ki\u015fi, gece saatlerinde iddiaya g\u00f6re ay\u0131 zannetti\u011fi k\u00f6y imam\u0131n\u0131 t\u00fcfekle vurarak a\u011f\u0131r yaralad\u0131. Hastaneye kald\u0131r\u0131lan imam\u0131n hayati tehlikesinin s\u00fcrd\u00fc\u011f\u00fc \u00f6\u011frenildi.Bolu\u2019nun Mengen il\u00e7esinde ar\u0131c\u0131l\u0131k yapan bir ki\u015fi, gece saatlerinde iddiaya g\u00f6re ay\u0131 zannetti\u011fi k\u00f6y imam\u0131n\u0131 t\u00fcfekle vurarak a\u011f\u0131r yaralad\u0131. Hastaneye kald\u0131r\u0131lan imam\u0131n hayati tehlikesinin s\u00fcrd\u00fc\u011f\u00fc \u00f6\u011frenildi.\u00a0<a href=\"https:\/\/www.cumhuriyet.com.tr\/turkiye\/koy-imami-vuruldu-gozaltina-alinan-zanli-ayi-sandim-dedi-2435922\" target=\"_blank\" class=\"feedzy-rss-link-icon\">Read More<\/a><\/p>","protected":false},"excerpt":{"rendered":"<p>Bolu\u2019nun Mengen il\u00e7esinde ar\u0131c\u0131l\u0131k yapan bir ki\u015fi, gece saatlerinde iddiaya g\u00f6re ay\u0131 zannetti\u011fi k\u00f6y imam\u0131n\u0131 t\u00fcfekle vurarak a\u011f\u0131r yaralad\u0131. Hastaneye kald\u0131r\u0131lan imam\u0131n hayati tehlikesinin s\u00fcrd\u00fc\u011f\u00fc \u00f6\u011frenildi.Bolu\u2019nun Mengen il\u00e7esinde ar\u0131c\u0131l\u0131k yapan bir ki\u015fi, gece saatlerinde iddiaya g\u00f6re ay\u0131 zannetti\u011fi k\u00f6y imam\u0131n\u0131 t\u00fcfekle vurarak a\u011f\u0131r yaralad\u0131. Hastaneye kald\u0131r\u0131lan imam\u0131n hayati tehlikesinin s\u00fcrd\u00fc\u011f\u00fc \u00f6\u011frenildi.\u00a0Read More<\/p>\n","protected":false},"author":1,"featured_media":5516,"comment_status":"open","ping_status":"open","sticky":false,"template":"","format":"standard","meta":{"footnotes":"","_links_to":"","_links_to_target":""},"categories":[1],"tags":[],"class_list":["post-5515","post","type-post","status-publish","format-standard","has-post-thumbnail","hentry","category-haberler"],"_links":{"self":[{"href":"https:\/\/www.abchukuk.com\/index.php\/wp-json\/wp\/v2\/posts\/5515","targetHints":{"allow":["GET"]}}],"collection":[{"href":"https:\/\/www.abchukuk.com\/index.php\/wp-json\/wp\/v2\/posts"}],"about":[{"href":"https:\/\/www.abchukuk.com\/index.php\/wp-json\/wp\/v2\/types\/post"}],"author":[{"embeddable":true,"href":"https:\/\/www.abchukuk.com\/index.php\/wp-json\/wp\/v2\/users\/1"}],"replies":[{"embeddable":true,"href":"https:\/\/www.abchukuk.com\/index.php\/wp-json\/wp\/v2\/comments?post=5515"}],"version-history":[{"count":0,"href":"https:\/\/www.abchukuk.com\/index.php\/wp-json\/wp\/v2\/posts\/5515\/revisions"}],"wp:featuredmedia":[{"embeddable":true,"href":"https:\/\/www.abchukuk.com\/index.php\/wp-json\/wp\/v2\/media\/5516"}],"wp:attachment":[{"href":"https:\/\/www.abchukuk.com\/index.php\/wp-json\/wp\/v2\/media?parent=5515"}],"wp:term":[{"taxonomy":"category","embeddable":true,"href":"https:\/\/www.abchukuk.com\/index.php\/wp-json\/wp\/v2\/categories?post=5515"},{"taxonomy":"post_tag","embeddable":true,"href":"https:\/\/www.abchukuk.com\/index.php\/wp-json\/wp\/v2\/tags?post=5515"}],"curies":[{"name":"wp","href":"https:\/\/api.w.org\/{rel}","templated":true}]}}