{"id":5511,"date":"2025-09-17T10:07:00","date_gmt":"2025-09-17T10:07:00","guid":{"rendered":"https:\/\/www.abchukuk.com\/index.php\/2025\/09\/17\/diyarbakirda-ogretmene-saldiri-o-veli-gozaltina-alindi\/"},"modified":"2025-09-17T10:07:00","modified_gmt":"2025-09-17T10:07:00","slug":"diyarbakirda-ogretmene-saldiri-o-veli-gozaltina-alindi","status":"publish","type":"post","link":"https:\/\/www.abchukuk.com\/index.php\/2025\/09\/17\/diyarbakirda-ogretmene-saldiri-o-veli-gozaltina-alindi\/","title":{"rendered":"Diyarbak\u0131r&#8217;da \u00f6\u011fretmene sald\u0131r\u0131: O veli g\u00f6zalt\u0131na al\u0131nd\u0131"},"content":{"rendered":"<p>Diyarbak\u0131r\u2019da ilkokul \u00f6\u011fretmeni R.S.\u2019ye sald\u0131ran kad\u0131n veli g\u00f6zalt\u0131na al\u0131nd\u0131. Kad\u0131n \u00f6\u011fretmenin sald\u0131r\u0131ya u\u011frad\u0131\u011f\u0131 an g\u00fcvenlik kameras\u0131na yans\u0131d\u0131.Diyarbak\u0131r\u2019da ilkokul \u00f6\u011fretmeni R.S.\u2019ye sald\u0131ran kad\u0131n veli g\u00f6zalt\u0131na al\u0131nd\u0131. Kad\u0131n \u00f6\u011fretmenin sald\u0131r\u0131ya u\u011frad\u0131\u011f\u0131 an g\u00fcvenlik kameras\u0131na yans\u0131d\u0131.\u00a0<a href=\"https:\/\/www.cumhuriyet.com.tr\/turkiye\/diyarbakir-da-ogretmene-saldiri-o-veli-gozaltina-alindi-2435897\" target=\"_blank\" class=\"feedzy-rss-link-icon\">Read More<\/a><\/p>","protected":false},"excerpt":{"rendered":"<p>Diyarbak\u0131r\u2019da ilkokul \u00f6\u011fretmeni R.S.\u2019ye sald\u0131ran kad\u0131n veli g\u00f6zalt\u0131na al\u0131nd\u0131. Kad\u0131n \u00f6\u011fretmenin sald\u0131r\u0131ya u\u011frad\u0131\u011f\u0131 an g\u00fcvenlik kameras\u0131na yans\u0131d\u0131.Diyarbak\u0131r\u2019da ilkokul \u00f6\u011fretmeni R.S.\u2019ye sald\u0131ran kad\u0131n veli g\u00f6zalt\u0131na al\u0131nd\u0131. Kad\u0131n \u00f6\u011fretmenin sald\u0131r\u0131ya u\u011frad\u0131\u011f\u0131 an g\u00fcvenlik kameras\u0131na yans\u0131d\u0131.\u00a0Read More<\/p>\n","protected":false},"author":1,"featured_media":5512,"comment_status":"open","ping_status":"open","sticky":false,"template":"","format":"standard","meta":{"footnotes":"","_links_to":"","_links_to_target":""},"categories":[1],"tags":[],"class_list":["post-5511","post","type-post","status-publish","format-standard","has-post-thumbnail","hentry","category-haberler"],"_links":{"self":[{"href":"https:\/\/www.abchukuk.com\/index.php\/wp-json\/wp\/v2\/posts\/5511","targetHints":{"allow":["GET"]}}],"collection":[{"href":"https:\/\/www.abchukuk.com\/index.php\/wp-json\/wp\/v2\/posts"}],"about":[{"href":"https:\/\/www.abchukuk.com\/index.php\/wp-json\/wp\/v2\/types\/post"}],"author":[{"embeddable":true,"href":"https:\/\/www.abchukuk.com\/index.php\/wp-json\/wp\/v2\/users\/1"}],"replies":[{"embeddable":true,"href":"https:\/\/www.abchukuk.com\/index.php\/wp-json\/wp\/v2\/comments?post=5511"}],"version-history":[{"count":0,"href":"https:\/\/www.abchukuk.com\/index.php\/wp-json\/wp\/v2\/posts\/5511\/revisions"}],"wp:featuredmedia":[{"embeddable":true,"href":"https:\/\/www.abchukuk.com\/index.php\/wp-json\/wp\/v2\/media\/5512"}],"wp:attachment":[{"href":"https:\/\/www.abchukuk.com\/index.php\/wp-json\/wp\/v2\/media?parent=5511"}],"wp:term":[{"taxonomy":"category","embeddable":true,"href":"https:\/\/www.abchukuk.com\/index.php\/wp-json\/wp\/v2\/categories?post=5511"},{"taxonomy":"post_tag","embeddable":true,"href":"https:\/\/www.abchukuk.com\/index.php\/wp-json\/wp\/v2\/tags?post=5511"}],"curies":[{"name":"wp","href":"https:\/\/api.w.org\/{rel}","templated":true}]}}