{"id":5510,"date":"2025-09-17T10:07:41","date_gmt":"2025-09-17T10:07:41","guid":{"rendered":"https:\/\/www.abchukuk.com\/index.php\/2025\/09\/17\/kartalkaya-yangini-avukatlarindan-bilsay-sarper-arslan-vicdansiz-sessizlige-karsi-birbirimize-ihtiyacimiz-var\/"},"modified":"2025-09-17T10:07:41","modified_gmt":"2025-09-17T10:07:41","slug":"kartalkaya-yangini-avukatlarindan-bilsay-sarper-arslan-vicdansiz-sessizlige-karsi-birbirimize-ihtiyacimiz-var","status":"publish","type":"post","link":"https:\/\/www.abchukuk.com\/index.php\/2025\/09\/17\/kartalkaya-yangini-avukatlarindan-bilsay-sarper-arslan-vicdansiz-sessizlige-karsi-birbirimize-ihtiyacimiz-var\/","title":{"rendered":"Kartalkaya yang\u0131n\u0131 avukatlar\u0131ndan Bilsay Sarper Arslan: \u2018Vicdans\u0131z sessizli\u011fe kar\u015f\u0131 birbirimize ihtiyac\u0131m\u0131z var\u2019"},"content":{"rendered":"<p>Gazeteci G\u00fc\u00e7l\u00fc \u00d6zgan\u2019\u0131n haz\u0131rlay\u0131p sundu\u011fu Yeri ve Zaman\u0131 program\u0131nda bug\u00fcn\u00fcn konu\u011fu Kartalkaya facias\u0131 avukatlar\u0131ndan Bilsay Sarper Arslan oldu.Gazeteci G\u00fc\u00e7l\u00fc \u00d6zgan\u2019\u0131n haz\u0131rlay\u0131p sundu\u011fu Yeri ve Zaman\u0131 program\u0131nda bug\u00fcn\u00fcn konu\u011fu Kartalkaya facias\u0131 avukatlar\u0131ndan Bilsay Sarper Arslan oldu.\u00a0<a href=\"https:\/\/anlatilaninotesi.com.tr\/20250917\/kartalkaya-yangini-avukatlarindan-bilsay-sarper-arslan-vicdansiz-sessizlige-karsi-birbirimize-1099436367.html\" target=\"_blank\" class=\"feedzy-rss-link-icon\">Read More<\/a><\/p>","protected":false},"excerpt":{"rendered":"<p>Gazeteci G\u00fc\u00e7l\u00fc \u00d6zgan\u2019\u0131n haz\u0131rlay\u0131p sundu\u011fu Yeri ve Zaman\u0131 program\u0131nda bug\u00fcn\u00fcn konu\u011fu Kartalkaya facias\u0131 avukatlar\u0131ndan Bilsay Sarper Arslan oldu.Gazeteci G\u00fc\u00e7l\u00fc \u00d6zgan\u2019\u0131n haz\u0131rlay\u0131p sundu\u011fu Yeri ve Zaman\u0131 program\u0131nda bug\u00fcn\u00fcn konu\u011fu Kartalkaya facias\u0131 avukatlar\u0131ndan Bilsay Sarper Arslan oldu.\u00a0Read More<\/p>\n","protected":false},"author":1,"featured_media":0,"comment_status":"open","ping_status":"open","sticky":false,"template":"","format":"standard","meta":{"footnotes":"","_links_to":"","_links_to_target":""},"categories":[1],"tags":[],"class_list":["post-5510","post","type-post","status-publish","format-standard","hentry","category-haberler"],"_links":{"self":[{"href":"https:\/\/www.abchukuk.com\/index.php\/wp-json\/wp\/v2\/posts\/5510","targetHints":{"allow":["GET"]}}],"collection":[{"href":"https:\/\/www.abchukuk.com\/index.php\/wp-json\/wp\/v2\/posts"}],"about":[{"href":"https:\/\/www.abchukuk.com\/index.php\/wp-json\/wp\/v2\/types\/post"}],"author":[{"embeddable":true,"href":"https:\/\/www.abchukuk.com\/index.php\/wp-json\/wp\/v2\/users\/1"}],"replies":[{"embeddable":true,"href":"https:\/\/www.abchukuk.com\/index.php\/wp-json\/wp\/v2\/comments?post=5510"}],"version-history":[{"count":0,"href":"https:\/\/www.abchukuk.com\/index.php\/wp-json\/wp\/v2\/posts\/5510\/revisions"}],"wp:attachment":[{"href":"https:\/\/www.abchukuk.com\/index.php\/wp-json\/wp\/v2\/media?parent=5510"}],"wp:term":[{"taxonomy":"category","embeddable":true,"href":"https:\/\/www.abchukuk.com\/index.php\/wp-json\/wp\/v2\/categories?post=5510"},{"taxonomy":"post_tag","embeddable":true,"href":"https:\/\/www.abchukuk.com\/index.php\/wp-json\/wp\/v2\/tags?post=5510"}],"curies":[{"name":"wp","href":"https:\/\/api.w.org\/{rel}","templated":true}]}}