{"id":5503,"date":"2025-09-17T09:22:00","date_gmt":"2025-09-17T09:22:00","guid":{"rendered":"https:\/\/www.abchukuk.com\/index.php\/2025\/09\/17\/ayhan-bora-kaplan-suc-orgutune-gizli-tanik-davasinda-yeni-gelisme-dosya-agir-cezaya-gonderildi\/"},"modified":"2025-09-17T09:22:00","modified_gmt":"2025-09-17T09:22:00","slug":"ayhan-bora-kaplan-suc-orgutune-gizli-tanik-davasinda-yeni-gelisme-dosya-agir-cezaya-gonderildi","status":"publish","type":"post","link":"https:\/\/www.abchukuk.com\/index.php\/2025\/09\/17\/ayhan-bora-kaplan-suc-orgutune-gizli-tanik-davasinda-yeni-gelisme-dosya-agir-cezaya-gonderildi\/","title":{"rendered":"&#8216;Ayhan Bora Kaplan&#8217; su\u00e7 \u00f6rg\u00fct\u00fcne &#8216;Gizli tan\u0131k&#8217; davas\u0131nda yeni geli\u015fme: Dosya a\u011f\u0131r cezaya g\u00f6nderildi!"},"content":{"rendered":"<p>Ankara&#8217;da Ayhan Bora Kaplan su\u00e7 \u00f6rg\u00fct\u00fcne ili\u015fkin 11 san\u0131kl\u0131 &#8216;gizli tan\u0131k&#8217; davas\u0131nda mahkeme, 4&#8217;\u00fcnc\u00fc celsede g\u00f6revsizlik karar\u0131 al\u0131p, dosyan\u0131n a\u011f\u0131r ceza mahkemesine g\u00f6nderilmesine karar verdi.Ankara&#8217;da Ayhan Bora Kaplan su\u00e7 \u00f6rg\u00fct\u00fcne ili\u015fkin 11 san\u0131kl\u0131 &#8216;gizli tan\u0131k&#8217; davas\u0131nda mahkeme, 4&#8217;\u00fcnc\u00fc celsede g\u00f6revsizlik karar\u0131 al\u0131p, dosyan\u0131n a\u011f\u0131r ceza mahkemesine g\u00f6nderilmesine karar verdi.\u00a0<a href=\"https:\/\/www.cumhuriyet.com.tr\/siyaset\/ayhan-bora-kaplan-suc-orgutune-gizli-tanik-davasinda-yeni-gelisme-dosya-agir-cezaya-gonderildi-2435873\" target=\"_blank\" class=\"feedzy-rss-link-icon\">Read More<\/a><\/p>","protected":false},"excerpt":{"rendered":"<p>Ankara&#8217;da Ayhan Bora Kaplan su\u00e7 \u00f6rg\u00fct\u00fcne ili\u015fkin 11 san\u0131kl\u0131 &#8216;gizli tan\u0131k&#8217; davas\u0131nda mahkeme, 4&#8217;\u00fcnc\u00fc celsede g\u00f6revsizlik karar\u0131 al\u0131p, dosyan\u0131n a\u011f\u0131r ceza mahkemesine g\u00f6nderilmesine karar verdi.Ankara&#8217;da Ayhan Bora Kaplan su\u00e7 \u00f6rg\u00fct\u00fcne ili\u015fkin 11 san\u0131kl\u0131 &#8216;gizli tan\u0131k&#8217; davas\u0131nda mahkeme, 4&#8217;\u00fcnc\u00fc celsede g\u00f6revsizlik karar\u0131 al\u0131p, dosyan\u0131n a\u011f\u0131r ceza mahkemesine g\u00f6nderilmesine karar verdi.\u00a0Read More<\/p>\n","protected":false},"author":1,"featured_media":5504,"comment_status":"open","ping_status":"open","sticky":false,"template":"","format":"standard","meta":{"footnotes":"","_links_to":"","_links_to_target":""},"categories":[1],"tags":[],"class_list":["post-5503","post","type-post","status-publish","format-standard","has-post-thumbnail","hentry","category-haberler"],"_links":{"self":[{"href":"https:\/\/www.abchukuk.com\/index.php\/wp-json\/wp\/v2\/posts\/5503","targetHints":{"allow":["GET"]}}],"collection":[{"href":"https:\/\/www.abchukuk.com\/index.php\/wp-json\/wp\/v2\/posts"}],"about":[{"href":"https:\/\/www.abchukuk.com\/index.php\/wp-json\/wp\/v2\/types\/post"}],"author":[{"embeddable":true,"href":"https:\/\/www.abchukuk.com\/index.php\/wp-json\/wp\/v2\/users\/1"}],"replies":[{"embeddable":true,"href":"https:\/\/www.abchukuk.com\/index.php\/wp-json\/wp\/v2\/comments?post=5503"}],"version-history":[{"count":0,"href":"https:\/\/www.abchukuk.com\/index.php\/wp-json\/wp\/v2\/posts\/5503\/revisions"}],"wp:featuredmedia":[{"embeddable":true,"href":"https:\/\/www.abchukuk.com\/index.php\/wp-json\/wp\/v2\/media\/5504"}],"wp:attachment":[{"href":"https:\/\/www.abchukuk.com\/index.php\/wp-json\/wp\/v2\/media?parent=5503"}],"wp:term":[{"taxonomy":"category","embeddable":true,"href":"https:\/\/www.abchukuk.com\/index.php\/wp-json\/wp\/v2\/categories?post=5503"},{"taxonomy":"post_tag","embeddable":true,"href":"https:\/\/www.abchukuk.com\/index.php\/wp-json\/wp\/v2\/tags?post=5503"}],"curies":[{"name":"wp","href":"https:\/\/api.w.org\/{rel}","templated":true}]}}