{"id":5500,"date":"2025-09-17T09:28:00","date_gmt":"2025-09-17T09:28:00","guid":{"rendered":"https:\/\/www.abchukuk.com\/index.php\/2025\/09\/17\/son-dakika-bahcelinin-avukatinin-sikayetiyle-gozaltina-alinan-meltem-gokhanoglu-adli-kontrolle-serbest\/"},"modified":"2025-09-17T09:28:00","modified_gmt":"2025-09-17T09:28:00","slug":"son-dakika-bahcelinin-avukatinin-sikayetiyle-gozaltina-alinan-meltem-gokhanoglu-adli-kontrolle-serbest","status":"publish","type":"post","link":"https:\/\/www.abchukuk.com\/index.php\/2025\/09\/17\/son-dakika-bahcelinin-avukatinin-sikayetiyle-gozaltina-alinan-meltem-gokhanoglu-adli-kontrolle-serbest\/","title":{"rendered":"Son dakika&#8230; Bah\u00e7eli&#8217;nin avukat\u0131n\u0131n \u015fikayetiyle g\u00f6zalt\u0131na al\u0131nan Meltem G\u00f6khano\u011flu, adli kontrolle serbest"},"content":{"rendered":"<p>Son dakika haberi&#8230; MHP Genel Ba\u015fkan\u0131 Devlet Bah\u00e7eli&#8217;nin avukat\u0131n\u0131n \u015fik\u00e2yetiyle evinden g\u00f6zalt\u0131na al\u0131nan CHP \u00fcyesi Meltem G\u00f6khano\u011flu, haftada bir imza verme \u015feklindeki adli kontrol tedbiriyle serbest b\u0131rak\u0131ld\u0131.Son dakika haberi&#8230; MHP Genel Ba\u015fkan\u0131 Devlet Bah\u00e7eli&#8217;nin avukat\u0131n\u0131n \u015fik\u00e2yetiyle evinden g\u00f6zalt\u0131na al\u0131nan CHP \u00fcyesi Meltem G\u00f6khano\u011flu, haftada bir imza verme \u015feklindeki adli kontrol tedbiriyle serbest b\u0131rak\u0131ld\u0131.\u00a0<a href=\"https:\/\/www.cumhuriyet.com.tr\/turkiye\/son-dakika-bahceli-nin-avukatinin-sikayetiyle-gozaltina-alinan-meltem-gokhanoglu-adli-kontrolle-serbest-2435879\" target=\"_blank\" class=\"feedzy-rss-link-icon\">Read More<\/a><\/p>","protected":false},"excerpt":{"rendered":"<p>Son dakika haberi&#8230; MHP Genel Ba\u015fkan\u0131 Devlet Bah\u00e7eli&#8217;nin avukat\u0131n\u0131n \u015fik\u00e2yetiyle evinden g\u00f6zalt\u0131na al\u0131nan CHP \u00fcyesi Meltem G\u00f6khano\u011flu, haftada bir imza verme \u015feklindeki adli kontrol tedbiriyle serbest b\u0131rak\u0131ld\u0131.Son dakika haberi&#8230; MHP Genel Ba\u015fkan\u0131 Devlet Bah\u00e7eli&#8217;nin avukat\u0131n\u0131n \u015fik\u00e2yetiyle evinden g\u00f6zalt\u0131na al\u0131nan CHP \u00fcyesi Meltem G\u00f6khano\u011flu, haftada bir imza verme \u015feklindeki adli kontrol tedbiriyle serbest b\u0131rak\u0131ld\u0131.\u00a0Read More<\/p>\n","protected":false},"author":1,"featured_media":5501,"comment_status":"open","ping_status":"open","sticky":false,"template":"","format":"standard","meta":{"footnotes":"","_links_to":"","_links_to_target":""},"categories":[1],"tags":[],"class_list":["post-5500","post","type-post","status-publish","format-standard","has-post-thumbnail","hentry","category-haberler"],"_links":{"self":[{"href":"https:\/\/www.abchukuk.com\/index.php\/wp-json\/wp\/v2\/posts\/5500","targetHints":{"allow":["GET"]}}],"collection":[{"href":"https:\/\/www.abchukuk.com\/index.php\/wp-json\/wp\/v2\/posts"}],"about":[{"href":"https:\/\/www.abchukuk.com\/index.php\/wp-json\/wp\/v2\/types\/post"}],"author":[{"embeddable":true,"href":"https:\/\/www.abchukuk.com\/index.php\/wp-json\/wp\/v2\/users\/1"}],"replies":[{"embeddable":true,"href":"https:\/\/www.abchukuk.com\/index.php\/wp-json\/wp\/v2\/comments?post=5500"}],"version-history":[{"count":0,"href":"https:\/\/www.abchukuk.com\/index.php\/wp-json\/wp\/v2\/posts\/5500\/revisions"}],"wp:featuredmedia":[{"embeddable":true,"href":"https:\/\/www.abchukuk.com\/index.php\/wp-json\/wp\/v2\/media\/5501"}],"wp:attachment":[{"href":"https:\/\/www.abchukuk.com\/index.php\/wp-json\/wp\/v2\/media?parent=5500"}],"wp:term":[{"taxonomy":"category","embeddable":true,"href":"https:\/\/www.abchukuk.com\/index.php\/wp-json\/wp\/v2\/categories?post=5500"},{"taxonomy":"post_tag","embeddable":true,"href":"https:\/\/www.abchukuk.com\/index.php\/wp-json\/wp\/v2\/tags?post=5500"}],"curies":[{"name":"wp","href":"https:\/\/api.w.org\/{rel}","templated":true}]}}