{"id":5499,"date":"2025-09-17T09:28:22","date_gmt":"2025-09-17T09:28:22","guid":{"rendered":"https:\/\/www.abchukuk.com\/index.php\/2025\/09\/17\/ozel-okul-dehb-tanili-ogrencinin-kaydini-yapmadi-aile-yasadiklarini-mahkemeye-tasidi\/"},"modified":"2025-09-17T09:28:22","modified_gmt":"2025-09-17T09:28:22","slug":"ozel-okul-dehb-tanili-ogrencinin-kaydini-yapmadi-aile-yasadiklarini-mahkemeye-tasidi","status":"publish","type":"post","link":"https:\/\/www.abchukuk.com\/index.php\/2025\/09\/17\/ozel-okul-dehb-tanili-ogrencinin-kaydini-yapmadi-aile-yasadiklarini-mahkemeye-tasidi\/","title":{"rendered":"\u00d6zel okul DEHB tan\u0131l\u0131 \u00f6\u011frencinin kayd\u0131n\u0131 yapmad\u0131: Aile ya\u015fad\u0131klar\u0131n\u0131 mahkemeye ta\u015f\u0131d\u0131"},"content":{"rendered":"<p>\u0130stanbul&#8217;da \u00f6zel bir okul, 4 y\u0131l boyunca \u00f6\u011frencisi olan DEHB tan\u0131l\u0131 \u00f6\u011frencinin ortaokula ge\u00e7i\u015f kayd\u0131n\u0131 yapmad\u0131. \u00c7ocuklar\u0131n\u0131n \u015fu an okula gidemedi\u011fini s\u00f6yleyen aile, ya\u015fad\u0131klar\u0131 durumu mahkemeye ta\u015f\u0131d\u0131.\u0130stanbul&#8217;da \u00f6zel bir okul, 4 y\u0131l boyunca \u00f6\u011frencisi olan DEHB tan\u0131l\u0131 \u00f6\u011frencinin ortaokula ge\u00e7i\u015f kayd\u0131n\u0131 yapmad\u0131. \u00c7ocuklar\u0131n\u0131n \u015fu an okula gidemedi\u011fini s\u00f6yleyen aile, ya\u015fad\u0131klar\u0131 durumu mahkemeye ta\u015f\u0131d\u0131.\u00a0<a href=\"https:\/\/anlatilaninotesi.com.tr\/20250917\/ozel-okul-dehb-tanili-ogrencinin-kaydini-yapmadi-aile-yasadiklarini-mahkemeye-tasidi-1099433768.html\" target=\"_blank\" class=\"feedzy-rss-link-icon\">Read More<\/a><\/p>","protected":false},"excerpt":{"rendered":"<p>\u0130stanbul&#8217;da \u00f6zel bir okul, 4 y\u0131l boyunca \u00f6\u011frencisi olan DEHB tan\u0131l\u0131 \u00f6\u011frencinin ortaokula ge\u00e7i\u015f kayd\u0131n\u0131 yapmad\u0131. \u00c7ocuklar\u0131n\u0131n \u015fu an okula gidemedi\u011fini s\u00f6yleyen aile, ya\u015fad\u0131klar\u0131 durumu mahkemeye ta\u015f\u0131d\u0131.\u0130stanbul&#8217;da \u00f6zel bir okul, 4 y\u0131l boyunca \u00f6\u011frencisi olan DEHB tan\u0131l\u0131 \u00f6\u011frencinin ortaokula ge\u00e7i\u015f kayd\u0131n\u0131 yapmad\u0131. \u00c7ocuklar\u0131n\u0131n \u015fu an okula gidemedi\u011fini s\u00f6yleyen aile, ya\u015fad\u0131klar\u0131 durumu mahkemeye ta\u015f\u0131d\u0131.\u00a0Read More<\/p>\n","protected":false},"author":1,"featured_media":0,"comment_status":"open","ping_status":"open","sticky":false,"template":"","format":"standard","meta":{"footnotes":"","_links_to":"","_links_to_target":""},"categories":[1],"tags":[],"class_list":["post-5499","post","type-post","status-publish","format-standard","hentry","category-haberler"],"_links":{"self":[{"href":"https:\/\/www.abchukuk.com\/index.php\/wp-json\/wp\/v2\/posts\/5499","targetHints":{"allow":["GET"]}}],"collection":[{"href":"https:\/\/www.abchukuk.com\/index.php\/wp-json\/wp\/v2\/posts"}],"about":[{"href":"https:\/\/www.abchukuk.com\/index.php\/wp-json\/wp\/v2\/types\/post"}],"author":[{"embeddable":true,"href":"https:\/\/www.abchukuk.com\/index.php\/wp-json\/wp\/v2\/users\/1"}],"replies":[{"embeddable":true,"href":"https:\/\/www.abchukuk.com\/index.php\/wp-json\/wp\/v2\/comments?post=5499"}],"version-history":[{"count":0,"href":"https:\/\/www.abchukuk.com\/index.php\/wp-json\/wp\/v2\/posts\/5499\/revisions"}],"wp:attachment":[{"href":"https:\/\/www.abchukuk.com\/index.php\/wp-json\/wp\/v2\/media?parent=5499"}],"wp:term":[{"taxonomy":"category","embeddable":true,"href":"https:\/\/www.abchukuk.com\/index.php\/wp-json\/wp\/v2\/categories?post=5499"},{"taxonomy":"post_tag","embeddable":true,"href":"https:\/\/www.abchukuk.com\/index.php\/wp-json\/wp\/v2\/tags?post=5499"}],"curies":[{"name":"wp","href":"https:\/\/api.w.org\/{rel}","templated":true}]}}