{"id":5497,"date":"2025-09-17T09:36:00","date_gmt":"2025-09-17T09:36:00","guid":{"rendered":"https:\/\/www.abchukuk.com\/index.php\/2025\/09\/17\/yardimcisi-gozaltinda-koycegiz-belediye-baskani-ali-erdogandan-ilk-aciklama-bizimle-ilgili-bir-olay-yok-ben-gorevimin-basindayim\/"},"modified":"2025-09-17T09:36:00","modified_gmt":"2025-09-17T09:36:00","slug":"yardimcisi-gozaltinda-koycegiz-belediye-baskani-ali-erdogandan-ilk-aciklama-bizimle-ilgili-bir-olay-yok-ben-gorevimin-basindayim","status":"publish","type":"post","link":"https:\/\/www.abchukuk.com\/index.php\/2025\/09\/17\/yardimcisi-gozaltinda-koycegiz-belediye-baskani-ali-erdogandan-ilk-aciklama-bizimle-ilgili-bir-olay-yok-ben-gorevimin-basindayim\/","title":{"rendered":"Yard\u0131mc\u0131s\u0131 g\u00f6zalt\u0131nda&#8230; K\u00f6yce\u011fiz Belediye Ba\u015fkan\u0131 Ali Erdo\u011fan&#8217;dan ilk a\u00e7\u0131klama: &#8216;Bizimle ilgili bir olay yok, ben g\u00f6revimin ba\u015f\u0131nday\u0131m&#8217;"},"content":{"rendered":"<p>K\u00f6yce\u011fiz Belediye Ba\u015fkan\u0131 Ali Erdo\u011fan, Belediye Ba\u015fkan Yard\u0131mc\u0131s\u0131 \u00d6zg\u00fcr \u00d6rnek&#8217;in g\u00f6zalt\u0131na al\u0131nmas\u0131na ili\u015fkin &#8221;Bizimle ilgili olan bir olay yok. Ben g\u00f6revimin ba\u015f\u0131nday\u0131m. Arkada\u015f\u0131m\u0131z\u0131n ve dosyalar\u0131n incelemesi yap\u0131lacak&#8221; dedi.K\u00f6yce\u011fiz Belediye Ba\u015fkan\u0131 Ali Erdo\u011fan, Belediye Ba\u015fkan Yard\u0131mc\u0131s\u0131 \u00d6zg\u00fcr \u00d6rnek&#8217;in g\u00f6zalt\u0131na al\u0131nmas\u0131na ili\u015fkin &#8221;Bizimle ilgili olan bir olay yok. Ben g\u00f6revimin ba\u015f\u0131nday\u0131m. Arkada\u015f\u0131m\u0131z\u0131n ve dosyalar\u0131n incelemesi yap\u0131lacak&#8221; dedi.\u00a0<a href=\"https:\/\/www.cumhuriyet.com.tr\/siyaset\/yardimcisi-gozaltinda-koycegiz-belediye-baskani-ali-erdogan-dan-ilk-aciklama-bizimle-ilgili-bir-olay-yok-ben-gorevimin-basindayim-2435883\" target=\"_blank\" class=\"feedzy-rss-link-icon\">Read More<\/a><\/p>","protected":false},"excerpt":{"rendered":"<p>K\u00f6yce\u011fiz Belediye Ba\u015fkan\u0131 Ali Erdo\u011fan, Belediye Ba\u015fkan Yard\u0131mc\u0131s\u0131 \u00d6zg\u00fcr \u00d6rnek&#8217;in g\u00f6zalt\u0131na al\u0131nmas\u0131na ili\u015fkin &#8221;Bizimle ilgili olan bir olay yok. Ben g\u00f6revimin ba\u015f\u0131nday\u0131m. Arkada\u015f\u0131m\u0131z\u0131n ve dosyalar\u0131n incelemesi yap\u0131lacak&#8221; dedi.K\u00f6yce\u011fiz Belediye Ba\u015fkan\u0131 Ali Erdo\u011fan, Belediye Ba\u015fkan Yard\u0131mc\u0131s\u0131 \u00d6zg\u00fcr \u00d6rnek&#8217;in g\u00f6zalt\u0131na al\u0131nmas\u0131na ili\u015fkin &#8221;Bizimle ilgili olan bir olay yok. Ben g\u00f6revimin ba\u015f\u0131nday\u0131m. Arkada\u015f\u0131m\u0131z\u0131n ve dosyalar\u0131n incelemesi yap\u0131lacak&#8221; dedi.\u00a0Read [&hellip;]<\/p>\n","protected":false},"author":1,"featured_media":5498,"comment_status":"open","ping_status":"open","sticky":false,"template":"","format":"standard","meta":{"footnotes":"","_links_to":"","_links_to_target":""},"categories":[1],"tags":[],"class_list":["post-5497","post","type-post","status-publish","format-standard","has-post-thumbnail","hentry","category-haberler"],"_links":{"self":[{"href":"https:\/\/www.abchukuk.com\/index.php\/wp-json\/wp\/v2\/posts\/5497","targetHints":{"allow":["GET"]}}],"collection":[{"href":"https:\/\/www.abchukuk.com\/index.php\/wp-json\/wp\/v2\/posts"}],"about":[{"href":"https:\/\/www.abchukuk.com\/index.php\/wp-json\/wp\/v2\/types\/post"}],"author":[{"embeddable":true,"href":"https:\/\/www.abchukuk.com\/index.php\/wp-json\/wp\/v2\/users\/1"}],"replies":[{"embeddable":true,"href":"https:\/\/www.abchukuk.com\/index.php\/wp-json\/wp\/v2\/comments?post=5497"}],"version-history":[{"count":0,"href":"https:\/\/www.abchukuk.com\/index.php\/wp-json\/wp\/v2\/posts\/5497\/revisions"}],"wp:featuredmedia":[{"embeddable":true,"href":"https:\/\/www.abchukuk.com\/index.php\/wp-json\/wp\/v2\/media\/5498"}],"wp:attachment":[{"href":"https:\/\/www.abchukuk.com\/index.php\/wp-json\/wp\/v2\/media?parent=5497"}],"wp:term":[{"taxonomy":"category","embeddable":true,"href":"https:\/\/www.abchukuk.com\/index.php\/wp-json\/wp\/v2\/categories?post=5497"},{"taxonomy":"post_tag","embeddable":true,"href":"https:\/\/www.abchukuk.com\/index.php\/wp-json\/wp\/v2\/tags?post=5497"}],"curies":[{"name":"wp","href":"https:\/\/api.w.org\/{rel}","templated":true}]}}